{"id":2217,"date":"2016-12-06T09:07:41","date_gmt":"2016-12-06T08:07:41","guid":{"rendered":"http:\/\/www.sk-kesl-ryu.cz\/?p=2217"},"modified":"2016-12-06T14:41:14","modified_gmt":"2016-12-06T13:41:14","slug":"mcr-cske-vice-jak-nad-ocekavani-i-kdyz","status":"publish","type":"post","link":"https:\/\/www.sk-kesl-ryu.cz\/index.php\/2016\/12\/06\/mcr-cske-vice-jak-nad-ocekavani-i-kdyz\/","title":{"rendered":"M\u010cR \u010cSKe v\u00edce jak nad o\u010dek\u00e1v\u00e1n\u00ed, i kdy\u017e&#8230;"},"content":{"rendered":"<p style=\"text-align: justify;\">&#8230; i kdy\u017e a\u017e nebude Jindra, nebo Zuzka, Petr, Ka\u010dka\u2026ale popo\u0159\u00e1dku. \u0160pi\u010dkov\u011b p\u0159ipraven\u00e9 M\u010cR nasadilo po\u0159adatelskou la\u0165ku hodn\u011b vysoko, a to ani nemluv\u00edm o p\u0159\u00edm\u00e9m p\u0159enosu, kter\u00fd se zda\u0159il pouze a jedin\u011b t\u00edm, \u017ee karate bude jako uk\u00e1zkov\u00fd sport na OH 2020 v&nbsp;Japonsku. Hned prvn\u00ed den startovala na\u0161e juniorka, U21, seniorka a kategorie masters. D\u00edky na\u0161\u00edm borc\u016fm se n\u00e1m jako Kesl ryu ze v\u0161ech z\u00fa\u010dastn\u011bn\u00fdch klub\u016f poda\u0159ilo v&nbsp;seniorce obsadit st\u0159\u00edbrnou p\u0159\u00ed\u010dku!! Nejv\u00edc se jako tradi\u010dn\u011b o tento \u00fasp\u011bch postaral \u201etermin\u00e1tor\u201c Jindra Pilmann, kter\u00fd se stal op\u011bt nejv\u0161estrann\u011bj\u0161\u00edm a nej\u00fasp\u011b\u0161n\u011bj\u0161\u00edm z\u00e1vodn\u00edkem tohoto M\u010cR, kdy\u017e z\u00edskal st\u0159\u00edbro v&nbsp;kata, zlato v&nbsp;kumite do 84.kg a bronz v&nbsp;kumite BRH! Na pomysln\u00e9m druh\u00e9m m\u00edst\u011b se um\u00edstila Zuzka Augustinov\u00e1, kter\u00e1 zv\u00edt\u011bzila v&nbsp;kata U21 a v&nbsp;\u017een\u00e1ch obsadila 2. M\u00edsto. Nejv\u00edc pot\u011b\u0161ilo, \u017ee oba n\u00e1\u0161 klub prezentovali v&nbsp;tom nejlep\u0161\u00edm slova smyslu v&nbsp;p\u0159\u00edm\u00e9m televizn\u00edm p\u0159enosu. Ale to zdaleka pro n\u00e1s v&nbsp;sobotu nebylo v\u0161e. V&nbsp;kategorii masters Petr N\u011bme\u010dek op\u011bt porazil v\u0161echny borce v&nbsp;hodn\u011b \u0161irok\u00e9m poli a vybojoval titul mistra \u010cR, a to p\u0159idal je\u0161t\u011b v\u00fdborn\u00e9 5. m\u00edsto Radek Fr\u00fchauf. V\u00fdborn\u00fdm v\u00fdkonem se prezentovala i Ka\u010dka Keslov\u00e1, porazila svoje tradi\u010dn\u00ed soupe\u0159ky a vybojovala st\u0159\u00edbrnou medaili. Den \u00fasp\u011bch\u016f zakon\u010dil v\u00fdborn\u00fdm bronzem Libor Podrou\u017eek v&nbsp;kumite mu\u017e\u016f nejleh\u010d\u00edch vah, stejn\u00fd kov vybojovala Nikola J\u016fzov\u00e1 v&nbsp;kata juniorek a dobr\u00e9 p\u00e1t\u00e9 m\u00edsto vybojoval Jakub Slana\u0159 v&nbsp;kata U21.<\/p>\n<p style=\"text-align: justify;\">Druh\u00fd den byly na po\u0159adu kategorie dorostu a \u017eactva. Po ur\u010dit\u00e9m p\u016fstu se sna\u017e\u00edme v&nbsp;t\u011bchto kategori\u00edch op\u011bt rozkouk\u00e1vat a jedin\u00fd, kdo n\u00e1m tro\u0161ku zachr\u00e1nil kredit a p\u0159i\u010dinil, se \u017ee jsme jako klub nakonec ze 76 klub\u016f skon\u010dili \u0161est\u00ed!!!, byl Maty\u00e1\u0161 Klubek, kter\u00fd vybojoval cennou st\u0159\u00edbrnou medaili. Filip Smutn\u00fd je\u0161t\u011b vybojoval bodovan\u00e9 5. m\u00edsto. Celkov\u011b tedy z&nbsp;pohledu tren\u00e9ra v\u00edce ne\u017e spokojenost, av\u0161ak mus\u00edme doufat, \u017ee ml\u00e1d\u00ed se n\u00e1m v\u00edce osm\u011bl\u00ed a nahrad\u00ed borce, u kter\u00fdch nev\u00edme, jak dlouho je bude je\u0161t\u011b bavit bojovat za dobr\u00e9 jm\u00e9no na\u0161eho SK. Ur\u010dit\u011b zasluhuj\u00ed pochvalu Ver\u010da \u0160\u0165astn\u00e1, Vojta Andr\u0161, Ver\u010da J\u016fzov\u00e1, Erika Hubkov\u00e1 i Lubo\u0161 Hrazd\u00edr, ale \u010dek\u00e1 n\u00e1s hromada pr\u00e1ce hlavn\u011b v&nbsp;individu\u00e1ln\u00edm tr\u00e9ninku, chyb\u00ed fyzick\u00e1 kondice, taktika a zku\u0161enost. Ale jak bylo \u0159e\u010deno. To u\u017e je cesta ka\u017ed\u00e9ho samotn\u00e9ho karatisty, jak dalece m\u00e1 karate r\u00e1d, kolik \u010dasu a \u00fasil\u00ed hodl\u00e1 p\u0159\u00edprav\u011b ob\u011btovat a pokud si toto ujasn\u00edme, pak tren\u00e9\u0159i zvl\u00e1dnou zbytek.<\/p>\n<p style=\"text-align: justify;\"><a href=\"http:\/\/www.sk-kesl-ryu.cz\/index.php\/mcr-2016\/\">KOMPLETN\u00cd FOTOGALERIE M\u010cR 2016<\/a><\/p>\n","protected":false},"excerpt":{"rendered":"<p>&#8230; i kdy\u017e a\u017e nebude Jindra, nebo Zuzka, Petr, Ka\u010dka\u2026ale popo\u0159\u00e1dku. \u0160pi\u010dkov\u011b p\u0159ipraven\u00e9 M\u010cR nasadilo po\u0159adatelskou la\u0165ku hodn\u011b vysoko, a<\/p>\n","protected":false},"author":1,"featured_media":2218,"comment_status":"open","ping_status":"closed","sticky":false,"template":"","format":"standard","meta":{"colormag_page_container_layout":"default_layout","colormag_page_sidebar_layout":"default_layout","ngg_post_thumbnail":0,"footnotes":""},"categories":[5],"tags":[],"class_list":["post-2217","post","type-post","status-publish","format-standard","has-post-thumbnail","hentry","category-aktuality"],"_links":{"self":[{"href":"https:\/\/www.sk-kesl-ryu.cz\/index.php\/wp-json\/wp\/v2\/posts\/2217","targetHints":{"allow":["GET"]}}],"collection":[{"href":"https:\/\/www.sk-kesl-ryu.cz\/index.php\/wp-json\/wp\/v2\/posts"}],"about":[{"href":"https:\/\/www.sk-kesl-ryu.cz\/index.php\/wp-json\/wp\/v2\/types\/post"}],"author":[{"embeddable":true,"href":"https:\/\/www.sk-kesl-ryu.cz\/index.php\/wp-json\/wp\/v2\/users\/1"}],"replies":[{"embeddable":true,"href":"https:\/\/www.sk-kesl-ryu.cz\/index.php\/wp-json\/wp\/v2\/comments?post=2217"}],"version-history":[{"count":2,"href":"https:\/\/www.sk-kesl-ryu.cz\/index.php\/wp-json\/wp\/v2\/posts\/2217\/revisions"}],"predecessor-version":[{"id":2384,"href":"https:\/\/www.sk-kesl-ryu.cz\/index.php\/wp-json\/wp\/v2\/posts\/2217\/revisions\/2384"}],"wp:featuredmedia":[{"embeddable":true,"href":"https:\/\/www.sk-kesl-ryu.cz\/index.php\/wp-json\/wp\/v2\/media\/2218"}],"wp:attachment":[{"href":"https:\/\/www.sk-kesl-ryu.cz\/index.php\/wp-json\/wp\/v2\/media?parent=2217"}],"wp:term":[{"taxonomy":"category","embeddable":true,"href":"https:\/\/www.sk-kesl-ryu.cz\/index.php\/wp-json\/wp\/v2\/categories?post=2217"},{"taxonomy":"post_tag","embeddable":true,"href":"https:\/\/www.sk-kesl-ryu.cz\/index.php\/wp-json\/wp\/v2\/tags?post=2217"}],"curies":[{"name":"wp","href":"https:\/\/api.w.org\/{rel}","templated":true}]}}