{"id":3441,"date":"2017-06-05T21:18:47","date_gmt":"2017-06-05T19:18:47","guid":{"rendered":"http:\/\/www.sk-kesl-ryu.cz\/?p=3441"},"modified":"2017-06-05T21:19:00","modified_gmt":"2017-06-05T19:19:00","slug":"np-mladeze-se-smisenymi-pocity","status":"publish","type":"post","link":"https:\/\/www.sk-kesl-ryu.cz\/index.php\/2017\/06\/05\/np-mladeze-se-smisenymi-pocity\/","title":{"rendered":"NP ml\u00e1de\u017ee se sm\u00ed\u0161en\u00fdmi pocity"},"content":{"rendered":"<p style=\"text-align: justify;\">Dal\u0161\u00ed z&nbsp;\u0159ady v\u00edkendov\u00fdch sout\u011b\u017en\u00edch marat\u00f3n\u016f za n\u00e1mi. NP \u010cSKe prvn\u00ed \u010dervencovou sobotu byl d\u011btmi doslova nabit\u00fd, kde nebyla nouze i o 50 z\u00e1vodn\u00edk\u016f v&nbsp;jedn\u00e9 kategorii. Pozitivn\u00ed bylo, \u017ee se z\u00fa\u010dastnilo z&nbsp;na\u0161eho klubu 12 z\u00e1vodn\u00edk\u016f, za co je hlavn\u00ed d\u00edk rodi\u010d\u016fm, proto\u017ee kr\u00e1snou slune\u010dnou sobotu str\u00e1vili v&nbsp;hale. D\u00edk pat\u0159\u00ed i Ka\u010dce a Hance, kdy i ony ob\u011btav\u011b cel\u00fd den kou\u010dovaly, m\u00edsto aby si u\u017e\u00edvaly n\u011bkde u vody. To jsou ty pozitiva a te\u010f k&nbsp;v\u00fdkon\u016fm.<\/p>\n<p style=\"text-align: justify;\">Celkov\u011b nic moc, chyb\u00ed hlav\u011b bojov\u00e1 demonstrace, nepochopen\u00ed st\u00e1le opakovan\u00fdch stabiln\u00edch postoj\u016f. Kata sice nepostr\u00e1daj\u00ed slu\u0161nou techniku, ale karate se n\u00e1m ve v\u011bt\u0161in\u011b p\u0159\u00edpad\u016f jaksi vytr\u00e1c\u00ed. Nebudu zde d\u00e1le rozeb\u00edrat ani samotn\u00e9 v\u00fdkony, ani nebudu zn\u00e1mkovat jednotliv\u00e9 z\u00e1vodn\u00edky, proto\u017ee to by povahov\u011b labiln\u00ed borci tak\u00e9 nemuseli na dal\u0161\u00ed tr\u00e9ninky chodit. V&nbsp;kumite n\u00e1m chyb\u00ed nejen zku\u0161enosti, ale hlavn\u011b chu\u0165 se poprat. Dal\u0161\u00ed kritick\u00fd moment je, \u017ee v\u011bt\u0161ina na\u0161ich z\u00e1vodn\u00edk\u016f, m\u00edsto aby studovali ty lep\u0161\u00ed, jejich pohyby, techniky a celkovou pr\u00e1ci na tatami, po vlastn\u00edm v\u00fdkonu je p\u0159estane sout\u011b\u017e zaj\u00edmat. Bu\u010f sednou na tribunu a sout\u011b\u017e je nezaj\u00edm\u00e1, nebo prost\u011b odjedou. Tento nez\u00e1jem o sv\u00e9 lep\u0161\u00ed potencion\u00e1ln\u00ed soupe\u0159e se n\u00e1sledn\u011b odr\u00e1\u017e\u00ed ve v\u00fdkonech. V\u00edce se \u010dekalo od Vojty Andr\u0161e, Ondry \u010cerm\u00e1ka i Zde\u0148ka \u0160imona, a to nemluv\u00edm o medailov\u00fdch pozic\u00edch. Prost\u011b jsme na m\u00edst\u011b.<\/p>\n<p style=\"text-align: justify;\">A tak ur\u010dit\u00e9 povzbuzen\u00ed bylo bodovan\u00e9 7. m\u00edsto Veroniky Re\u0161ov\u00e9, zat\u00edm v\u00fdhledov\u011b slu\u0161n\u00fd v\u00fdkon. P\u0159\u00edjemn\u00fdm p\u0159ekvapen\u00edm byl J\u00e1chym JETEL, kter\u00fd ne\u010dekan\u011b vybojoval bronzovou medaili, dal\u0161\u00ed medaili a sice st\u0159\u00edbrnou vybojovala Valent\u00fdna HRAZD\u00cdROV\u00c1 a stejn\u00fd kov i Barborka \u0160\u0164ASTN\u00c1, kter\u00e1 si t\u00edm p\u00e1dem mohla vyzkou\u0161et v\u0161echny kata, kter\u00e9 se sna\u017e\u00edme moment\u00e1ln\u011b vyladit. Jinak kumite\u2026 Barborka dobr\u00fd bojov\u00fd v\u00fdkon, ale chyb\u00ed n\u00e1m p\u0159em\u00fd\u0161len\u00ed a po\u0159\u00e1d ta vzd\u00e1lenost\u2026 jinak ani jedna bodovan\u00e1 technika???? Zden\u011bk t\u00e9\u017e bez techniky, bez my\u0161lenky a nav\u00edc nekopu, pokud to zat\u00edm neovl\u00e1d\u00e1m!!! Andrea\u2026.no coment. Ondra, bojovnost se nezap\u0159e, snaha o kombinace pozitivum, pomohlo by si v\u00edc hr\u00e1t, to co si \u0159\u00edk\u00e1me na tr\u00e9ninku, nebrat to kumite tak v\u00e1\u017en\u011b. Pak to svazuje. Vojta, nejv\u00edce bodoval, to je dobr\u00e9, ale neust\u00e1le \u0161patn\u00e9 dr\u017een\u00ed t\u011bla, t\u00edm hor\u0161\u00ed reakce, ale asi nejlep\u0161\u00ed kumite z na\u0161ich. Ver\u010da\u2026ur\u010dit\u00e9 zlep\u0161en\u00ed, ale\u2026pohyb po tatami pouze v \u201elajn\u011b\u201c, cht\u011blo by to m\u00e9n\u011b strachu, kdy\u017e se dob\u0159e kryji, nic se mi nestane!<\/p>\n<p style=\"text-align: justify;\">Z\u00e1v\u011brem op\u011bt jedna pozn\u00e1mka. N\u011bkdo se narod\u00ed a m\u00e1 geneticky dan\u00e9 sportovn\u00ed bu\u0148ky i fyzick\u00e9 a anatomick\u00e9 p\u0159edpoklady. Kdy\u017e bude tr\u00e9novat 3-4x t\u00fddn\u011b, bude dobr\u00fd. Kdy\u017e bude tr\u00e9novat ka\u017ed\u00fd den a \u017e\u00edt t\u00edm sportem, kter\u00fd si vybral, je p\u0159edur\u010den k&nbsp;mistrovsk\u00fdm titul\u016fm. N\u011bkdo se narod\u00ed a geneticky p\u0159\u00edmo optim\u00e1ln\u00ed vybaven\u00ed nedostane, ale sportuje r\u00e1d. Pokud tr\u00e9nuje 3-4x t\u00fddn\u011b, bude na ur\u010dit\u00e9 \u00farovni dobr\u00fd, \u0159\u00edkejme tomu z&nbsp;ur\u010dit\u00e9ho pohledu rekrea\u010dn\u00ed sportov\u00e1n\u00ed s&nbsp;ur\u010dit\u00fdm c\u00edlem. Pokud bude tr\u00e9novat ka\u017ed\u00fd den a bude \u017e\u00edt sportem, kter\u00fd si vybral, je re\u00e1ln\u00e1 nad\u011bje, \u017ee i tento borec, p\u0159esko\u010d\u00ed ty talentovan\u00e9 s&nbsp;men\u0161\u00ed tr\u00e9ninkovou mor\u00e1lkou a m\u016f\u017eou dos\u00e1hnout v\u00fdrazn\u011bj\u0161\u00edch \u00fasp\u011bch\u016f. TO JE REALITA! Tak \u017ee pokud se nehrnou medaile, nen\u00ed nutn\u00e9 v\u011b\u0161et hlavu. V\u017edy si polo\u017ete ot\u00e1zku. Je u m\u011b karate a sportov\u00e1n\u00ed na prvn\u00edm m\u00edst\u011b?? Pokud ano, \u00fasp\u011bch se dostav\u00ed. Pokud ne, je dob\u0159e \u017ee sportujeme alespo\u0148 na rekrea\u010dn\u00ed \u00farovni.<\/p>\n<p style=\"text-align: justify;\">[ezcol_1quarter]\n<p style=\"text-align: justify;\"><a href=\"http:\/\/www.sk-kesl-ryu.cz\/wp-content\/uploads\/2017\/06\/received_430107737351934.jpeg\"><img loading=\"lazy\" decoding=\"async\" class=\"alignnone size-thumbnail wp-image-3443\" src=\"http:\/\/www.sk-kesl-ryu.cz\/wp-content\/uploads\/2017\/06\/received_430107737351934-150x150.jpeg\" alt=\"\" width=\"150\" height=\"150\"><\/a><\/p>\n<p style=\"text-align: justify;\">[\/ezcol_1quarter]\n<p style=\"text-align: justify;\">[ezcol_1quarter]\n<p style=\"text-align: justify;\"><a href=\"http:\/\/www.sk-kesl-ryu.cz\/wp-content\/uploads\/2017\/06\/received_430107760685265.jpeg\"><img loading=\"lazy\" decoding=\"async\" class=\"alignnone size-thumbnail wp-image-3444\" src=\"http:\/\/www.sk-kesl-ryu.cz\/wp-content\/uploads\/2017\/06\/received_430107760685265-150x150.jpeg\" alt=\"\" width=\"150\" height=\"150\"><\/a><\/p>\n<p style=\"text-align: justify;\">[\/ezcol_1quarter]\n<p style=\"text-align: justify;\">[ezcol_1quarter]\n<p style=\"text-align: justify;\"><a href=\"http:\/\/www.sk-kesl-ryu.cz\/wp-content\/uploads\/2017\/06\/received_430107770685264.jpeg\"><img loading=\"lazy\" decoding=\"async\" class=\"alignnone size-thumbnail wp-image-3445\" src=\"http:\/\/www.sk-kesl-ryu.cz\/wp-content\/uploads\/2017\/06\/received_430107770685264-150x150.jpeg\" alt=\"\" width=\"150\" height=\"150\"><\/a><\/p>\n<p style=\"text-align: justify;\">[\/ezcol_1quarter]\n<p style=\"text-align: justify;\">[ezcol_1quarter_end]\n<p style=\"text-align: justify;\"><a href=\"http:\/\/www.sk-kesl-ryu.cz\/wp-content\/uploads\/2017\/06\/received_430110490684992.jpeg\"><img loading=\"lazy\" decoding=\"async\" class=\"alignnone size-thumbnail wp-image-3446\" src=\"http:\/\/www.sk-kesl-ryu.cz\/wp-content\/uploads\/2017\/06\/received_430110490684992-150x150.jpeg\" alt=\"\" width=\"150\" height=\"150\"><\/a><\/p>\n<p style=\"text-align: justify;\">[\/ezcol_1quarter_end]\n","protected":false},"excerpt":{"rendered":"<p>Dal\u0161\u00ed z&nbsp;\u0159ady v\u00edkendov\u00fdch sout\u011b\u017en\u00edch marat\u00f3n\u016f za n\u00e1mi. NP \u010cSKe prvn\u00ed \u010dervencovou sobotu byl d\u011btmi doslova nabit\u00fd, kde nebyla nouze i<\/p>\n","protected":false},"author":1,"featured_media":3442,"comment_status":"open","ping_status":"closed","sticky":false,"template":"","format":"standard","meta":{"colormag_page_container_layout":"default_layout","colormag_page_sidebar_layout":"default_layout","ngg_post_thumbnail":0,"footnotes":""},"categories":[5],"tags":[],"class_list":["post-3441","post","type-post","status-publish","format-standard","has-post-thumbnail","hentry","category-aktuality"],"_links":{"self":[{"href":"https:\/\/www.sk-kesl-ryu.cz\/index.php\/wp-json\/wp\/v2\/posts\/3441","targetHints":{"allow":["GET"]}}],"collection":[{"href":"https:\/\/www.sk-kesl-ryu.cz\/index.php\/wp-json\/wp\/v2\/posts"}],"about":[{"href":"https:\/\/www.sk-kesl-ryu.cz\/index.php\/wp-json\/wp\/v2\/types\/post"}],"author":[{"embeddable":true,"href":"https:\/\/www.sk-kesl-ryu.cz\/index.php\/wp-json\/wp\/v2\/users\/1"}],"replies":[{"embeddable":true,"href":"https:\/\/www.sk-kesl-ryu.cz\/index.php\/wp-json\/wp\/v2\/comments?post=3441"}],"version-history":[{"count":1,"href":"https:\/\/www.sk-kesl-ryu.cz\/index.php\/wp-json\/wp\/v2\/posts\/3441\/revisions"}],"predecessor-version":[{"id":3447,"href":"https:\/\/www.sk-kesl-ryu.cz\/index.php\/wp-json\/wp\/v2\/posts\/3441\/revisions\/3447"}],"wp:featuredmedia":[{"embeddable":true,"href":"https:\/\/www.sk-kesl-ryu.cz\/index.php\/wp-json\/wp\/v2\/media\/3442"}],"wp:attachment":[{"href":"https:\/\/www.sk-kesl-ryu.cz\/index.php\/wp-json\/wp\/v2\/media?parent=3441"}],"wp:term":[{"taxonomy":"category","embeddable":true,"href":"https:\/\/www.sk-kesl-ryu.cz\/index.php\/wp-json\/wp\/v2\/categories?post=3441"},{"taxonomy":"post_tag","embeddable":true,"href":"https:\/\/www.sk-kesl-ryu.cz\/index.php\/wp-json\/wp\/v2\/tags?post=3441"}],"curies":[{"name":"wp","href":"https:\/\/api.w.org\/{rel}","templated":true}]}}