{"id":3612,"date":"2017-06-23T17:47:21","date_gmt":"2017-06-23T15:47:21","guid":{"rendered":"http:\/\/www.sk-kesl-ryu.cz\/?p=3612"},"modified":"2017-08-06T07:25:43","modified_gmt":"2017-08-06T05:25:43","slug":"akce-black-belt-cup-v-italii","status":"publish","type":"post","link":"https:\/\/www.sk-kesl-ryu.cz\/index.php\/2017\/06\/23\/akce-black-belt-cup-v-italii\/","title":{"rendered":"Black Belt Cup v It\u00e1lii"},"content":{"rendered":"<p>&#8230; super akce motivuj\u00edc\u00ed do dal\u0161\u00ed pr\u00e1ce.<\/p>\n<p style=\"text-align: justify;\">\u010clov\u011bk se ani po\u0159\u00e1dn\u011b neoklepe z&nbsp;jedn\u00e9 akce a ji\u017e je tady dlouho pl\u00e1novan\u00e1 akce dal\u0161\u00ed &#8211; &nbsp;v\u00fdjezd do italsk\u00e9 Verony na sout\u011b\u017e pod hlavi\u010dkou WUKF Black Belt Cup. Vypravily se hned t\u0159i vozidla s&nbsp;reprezentanty Karlem Keslem, Ka\u010dkou Keslovou, Hankou Va\u0161\u00ed\u010dkovou, Veronikou Jel\u00ednkovou, J\u00e1chymem Ho\u0159\u00e1kem, Veronikou \u0160\u0165astnou, Barborou \u0160\u0165astnou, J\u00e1chymem Jetelem, Veronikou Re\u0161ovou a doprovodem Markem \u0160\u0165astn\u00fdm, Davidem Re\u0161em a Jindrou Jetelem.<\/p>\n<p style=\"text-align: justify;\">Po n\u00e1ro\u010dn\u00e9 cest\u011b p\u0159es 800km v\u0161ichni dorazili v&nbsp;po\u0159\u00e1dku, hotel ve Veron\u011b byl v\u00fdborn\u00fd, a tak po lehk\u00e9 regeneraci se v\u0161ichni se\u0161li u pizzy a posl\u00e9ze se zaprezentovali. I p\u0159es \u00fanavu ti stra\u0161\u00ed sta\u010dili v&nbsp;p\u0159\u00edjemn\u00e9m prost\u0159ed\u00ed hotelov\u00e9 zahr\u00e1dky vypilovat taktiku \ud83d\ude42<\/p>\n<p style=\"text-align: justify;\">Dal\u0161\u00ed&nbsp;den p\u0159ekvapila super klimatizovan\u00e1 hala, co\u017e bylo vzhledem k&nbsp;teplot\u00e1m kolem t\u0159ic\u00edtky docela p\u0159\u00edhodn\u00e9. Zahajovali masters, junio\u0159i a senio\u0159i. Medailov\u011b se neda\u0159ilo pouze \u0161\u00e9fovi v\u00fdpravy, faktem ale je, \u017ee kategorie masters nad 46. let je u\u017e tro\u0161ku dost, proto\u017ee tam u\u017e je ka\u017ed\u00fd rok nav\u00edc zn\u00e1t \ud83d\ude42 Radost mu to ale nezkazilo, proto\u017ee medailovou smr\u0161\u0165 zah\u00e1jila Ka\u010dka Keslov\u00e1 bronzovou medail\u00ed v&nbsp;kategorii masters a nikoho nenechal na pochyb\u00e1ch ani J\u00e1chym Ho\u0159\u00e1k, kter\u00fd se \u0161el na tatami opravdu \u201epoprat\u201c. Jeho kata snesly p\u0159\u00edsn\u011bj\u0161\u00ed m\u011b\u0159\u00edtko a bronzy v&nbsp;kata Shotokan i v&nbsp;OPEN byly \u00fasp\u011bchem. Pak u\u017e v&nbsp;kvalitn\u00ed konkurenci kata \u017een zaz\u00e1\u0159ily Veronika Jel\u00ednkov\u00e1 a Hanka Va\u0161\u00ed\u010dkov\u00e1. Ver\u010da p\u0159edvedla velmi dobr\u00fd v\u00fdkon v&nbsp;kata Shotokan, kde z\u00edskala skv\u011blou st\u0159\u00edbrnou medaili a nezav\u00e1hala ani v&nbsp;otev\u0159en\u00e9 kategorii v\u0161ech styl\u016f, kde vybojovala je\u0161t\u011b cennou bronzovou medaili. Hanka pot\u011b\u0161ila velk\u00fdm v\u00fdkonnostn\u00edm posunem ve v\u0161ech kat\u00e1ch, a tak ani ona neode\u0161la s&nbsp;pr\u00e1zdnou a bronz pot\u011b\u0161il nejen j\u00ed, ale celou v\u00fdpravu. Prvn\u00ed den tedy \u00fasp\u011bch nad o\u010dek\u00e1v\u00e1n\u00ed, a tak ve\u010dern\u00ed hodnocen\u00ed \u00fasp\u011bch\u016f v&nbsp;mezin\u00e1rodn\u00ed spole\u010dnosti D\u00e1nska, Polska a \u0160v\u00fdcarska pod heslem \u201eAperol\u201c m\u011blo vysokou \u00farove\u0148 a\u2026\u2026:-)<\/p>\n<p style=\"text-align: justify;\">Nal\u00e1k\u00e1ni prvn\u00edm dnem jsme byli zv\u011bdav\u00ed, co p\u0159edvedou na\u0161i mlad\u00ed z\u00e1stupci. Zahajovala Ver\u010da Re\u0161ov\u00e1 a ve sv\u00e9 kategorii nedala soupe\u0159k\u00e1m \u0161anci &#8211; prvn\u00ed zlat\u00e1 na sv\u011bt\u011b! To je\u0161t\u011b p\u0159idala super bronz v&nbsp;otev\u0159en\u00e9 kategorii \u017e\u00e1ky\u0148 star\u0161\u00edch ne\u017e ona a nav\u00edc v\u0161echny byly nositelky \u017elut\u00fdch p\u00e1s\u016f. Pak to rozjela Barborka \u0160\u0165astn\u00e1 a mezi sv\u00fdmi vrstevnicemi, jak v&nbsp;kategorii Shotokan, tak OPEN sv\u00fdmi mistrovsk\u00fdmi katami byla doslova hodnocena o t\u0159\u00eddu v\u00fd\u0161e. Dv\u011b zlat\u00e9 medaile vypadaly pro n\u00ed jako skoro jako norm\u00e1l. Kdy\u017e p\u0159idala je\u0161t\u011b jednu zlatku a bronz v&nbsp;kumite, r\u00e1zem se stala nej\u00fasp\u011b\u0161n\u011bj\u0161\u00ed z\u00e1vodnic\u00ed turnaje. Ani Veronika \u0160\u0165astn\u00e1 nenechala nic n\u00e1hod\u011b a dv\u011bma bronzov\u00fdmi medailemi v&nbsp;kata i v&nbsp;kumite nav\u00fd\u0161ila celkov\u00fd po\u010det cenn\u00fdch kov\u016f pro na\u0161\u00ed v\u00fdpravu. Kdy\u017e ani J\u00e1chym Jetel nezklamal a i on p\u0159idal dv\u011b bronzov\u00e9 medaile, dalo se \u0159\u00edci, \u017ee na\u0161e v\u00fdprava pat\u0159ila k&nbsp;absolutn\u011b nej\u00fasp\u011b\u0161n\u011bj\u0161\u00edm v\u00fdprav\u00e1m turnaje. 18 medail\u00ed hovo\u0159\u00ed za sv\u00e9&#8230; \ud83d\ude42<\/p>\n<p style=\"text-align: justify;\">Odm\u011bna na sebe nenechala&nbsp;dlouho \u010dekat. Po absolvov\u00e1n\u00ed n\u00e1v\u0161t\u011bvy Verony, zastaven\u00ed u balkonku zamilovan\u00fdch a dobr\u00e9m ob\u011bd\u011b jsme se p\u0159esunuli do 200km vzd\u00e1len\u00e9ho p\u0159\u00edmo\u0159sk\u00e9ho m\u011bste\u010dka Caorle a \u201epansk\u00e9 choutky\u201c mohli za\u010d\u00edt. Vedro v\u00fd\u017eivn\u00e9, ale v&nbsp;mo\u0159sk\u00fdch vln\u00e1ch, ve\u010der u dobr\u00e9ho moku a s&nbsp;v\u00fdbornou italskou zmrzlinou se to dalo \u201ep\u0159e\u017e\u00edt\u201c \ud83d\ude42 Nezb\u00fdv\u00e1 ne\u017e v\u011b\u0159it, \u017ee takov\u00fdch super v\u00fdjezd\u016f se skv\u011bl\u00fdmi lidmi a se sportovn\u00edmi \u00fasp\u011bchy jako bonus bude je\u0161t\u011b hodn\u011b, proto\u017ee\u2026. \u017eijeme jen jednou!<\/p>\n<p style=\"text-align: justify;\">Fote\u010dky ze sout\u011b\u017ee jsou <a href=\"http:\/\/www.sk-kesl-ryu.cz\/index.php\/black-belt-cup-2017\/\">ZDE \ud83d\ude42<\/a><\/p>\n","protected":false},"excerpt":{"rendered":"<p>&#8230; super akce motivuj\u00edc\u00ed do dal\u0161\u00ed pr\u00e1ce. \u010clov\u011bk se ani po\u0159\u00e1dn\u011b neoklepe z&nbsp;jedn\u00e9 akce a ji\u017e je tady dlouho pl\u00e1novan\u00e1<\/p>\n","protected":false},"author":1,"featured_media":3613,"comment_status":"open","ping_status":"closed","sticky":false,"template":"","format":"standard","meta":{"colormag_page_container_layout":"default_layout","colormag_page_sidebar_layout":"default_layout","ngg_post_thumbnail":0,"footnotes":""},"categories":[5],"tags":[],"class_list":["post-3612","post","type-post","status-publish","format-standard","has-post-thumbnail","hentry","category-aktuality"],"_links":{"self":[{"href":"https:\/\/www.sk-kesl-ryu.cz\/index.php\/wp-json\/wp\/v2\/posts\/3612","targetHints":{"allow":["GET"]}}],"collection":[{"href":"https:\/\/www.sk-kesl-ryu.cz\/index.php\/wp-json\/wp\/v2\/posts"}],"about":[{"href":"https:\/\/www.sk-kesl-ryu.cz\/index.php\/wp-json\/wp\/v2\/types\/post"}],"author":[{"embeddable":true,"href":"https:\/\/www.sk-kesl-ryu.cz\/index.php\/wp-json\/wp\/v2\/users\/1"}],"replies":[{"embeddable":true,"href":"https:\/\/www.sk-kesl-ryu.cz\/index.php\/wp-json\/wp\/v2\/comments?post=3612"}],"version-history":[{"count":3,"href":"https:\/\/www.sk-kesl-ryu.cz\/index.php\/wp-json\/wp\/v2\/posts\/3612\/revisions"}],"predecessor-version":[{"id":4699,"href":"https:\/\/www.sk-kesl-ryu.cz\/index.php\/wp-json\/wp\/v2\/posts\/3612\/revisions\/4699"}],"wp:featuredmedia":[{"embeddable":true,"href":"https:\/\/www.sk-kesl-ryu.cz\/index.php\/wp-json\/wp\/v2\/media\/3613"}],"wp:attachment":[{"href":"https:\/\/www.sk-kesl-ryu.cz\/index.php\/wp-json\/wp\/v2\/media?parent=3612"}],"wp:term":[{"taxonomy":"category","embeddable":true,"href":"https:\/\/www.sk-kesl-ryu.cz\/index.php\/wp-json\/wp\/v2\/categories?post=3612"},{"taxonomy":"post_tag","embeddable":true,"href":"https:\/\/www.sk-kesl-ryu.cz\/index.php\/wp-json\/wp\/v2\/tags?post=3612"}],"curies":[{"name":"wp","href":"https:\/\/api.w.org\/{rel}","templated":true}]}}