{"id":4602,"date":"2017-07-24T19:33:53","date_gmt":"2017-07-24T17:33:53","guid":{"rendered":"http:\/\/www.sk-kesl-ryu.cz\/?p=4602"},"modified":"2017-07-24T19:54:53","modified_gmt":"2017-07-24T17:54:53","slug":"letni-olympiada-mladeze","status":"publish","type":"post","link":"https:\/\/www.sk-kesl-ryu.cz\/index.php\/2017\/07\/24\/letni-olympiada-mladeze\/","title":{"rendered":"Letn\u00ed Olympi\u00e1da ml\u00e1de\u017ee"},"content":{"rendered":"<p style=\"text-align: justify;\">Doslova jako o sv\u00e1tku v\u011bt\u0161iny olympijsk\u00fdch sport\u016f v&nbsp;na\u0161\u00ed republice m\u016f\u017eeme hovo\u0159it o letn\u00ed olympi\u00e1d\u011b. Tentokr\u00e1t konala v&nbsp;Brn\u011b od 24 do 29. 6. 2017. V\u0161ichni \u017e\u00e1kov\u0161t\u00ed sportovci si zde vyzkou\u0161eli&nbsp;atmosf\u00e9ru opravdov\u00fdch OH, v\u010detn\u011b zap\u00e1len\u00ed olympijsk\u00e9ho ohn\u011b, vlajkono\u0161\u016f i olympijskou vesnici. D\u00edky soupe\u0159en\u00ed mezi kraji za\u017eili t\u00edhu reprezentace nejen sebe a sv\u00e9ho klubu, ale zde p\u0159edev\u0161\u00edm sv\u00e9ho kraje.<\/p>\n<p style=\"text-align: justify;\">N\u00e1s mohly pot\u011b\u0161it hned dv\u011b v\u011bci. Za prv\u00e9, kdy\u017e byli do reprezentace za karate nominov\u00e1ni Barborka a Ver\u010da \u0160\u0165astn\u00e9 a Lubo\u0161 Hrazd\u00edr. Dal\u0161\u00ed naprosto v\u00fdjime\u010dnou v\u011bc\u00ed bylo, \u017ee na\u0161e Ka\u010dka Keslov\u00e1 byla oslovena z&nbsp;magistr\u00e1tu hl. m\u011bsta Prahy, zda se ujme funkce vlajkono\u0161e cel\u00e9 Prahy. M\u016f\u017eeme mluvit o ur\u010dit\u00e9m vyznamen\u00e1n\u00ed Ka\u010dky, ale i vyznamen\u00e1n\u00ed sportu karate.<\/p>\n<p style=\"text-align: justify;\">Tren\u00e9ry v\u00fdb\u011bru Prahy pro karate byli Karel Kesl a Ka\u010dka Keslov\u00e1, nakonec ale bylo nutn\u00e9 p\u0159ijmout na sout\u011b\u017e karate pro n\u00e1\u010deln\u00edka na\u0161eho klubu i funkci rozhod\u010d\u00edho. Ale popo\u0159ad\u011b. Po olympijsk\u00e9m zah\u00e1jen\u00ed, nastoupen\u00ed v\u0161ech kraj\u016f, zap\u00e1len\u00ed olympijsk\u00e9ho ohn\u011b, vyta\u017een\u00ed olympijsk\u00e9 vlajky a doprovodn\u00e9mu programu se, ne\u017e nade\u0161la kl\u00e1n\u00ed v&nbsp;karate, na\u0161e mini v\u00fdprava vydala pozn\u00e1vat zaj\u00edmav\u00e1 m\u00edsta Brna, ostatn\u00ed sportovi\u0161t\u011b jako gymnastiku, volejbal, atletiku, florbal a dal\u0161\u00ed. Samotn\u00e1 sout\u011b\u017e pro Prahu dopadla tak na 50 procent. O. \u0160\u0165\u00e1hlavsk\u00fd vyhr\u00e1l a <strong>Barborka \u0160\u0165astn\u00e1 <\/strong>vybojovala st\u0159\u00edbrnou medaili v kata. Ostatn\u00ed nijak zvl\u00e1\u0161\u0165 v\u00fdrazn\u011b nesplnili o\u010dek\u00e1v\u00e1n\u00ed, a tot\u00e9\u017e bylo i v&nbsp;kumite. Je\u0161t\u011b \u017ee olympijsk\u00fd v\u00fdbor si vyhradil u v\u0161ech sport\u016f um\u00edst\u011bn\u00ed do 14 m\u00edsta (po\u010det kraj\u016f) a nejv\u00edce t\u00edm p\u00e1dem zava\u0159ili hlavu STKJ. My na tom vyd\u011blali, proto\u017ee p\u00e1r bod\u016f za dal\u0161\u00ed um\u00edst\u011bn\u00ed se pro na\u0161i reprezentaci na\u0161lo. A tak i kdy\u017e unaven\u00ed po n\u00e1ro\u010dn\u00fdch dnech (4500 z\u00e1vodn\u00edk\u016f bylo zn\u00e1t na ka\u017ed\u00e9m kroku), kr\u00e1sn\u00fd z\u00e1\u017eitek ve v\u0161ech ur\u010dit\u011b z&nbsp;t\u00e9to LODM z\u016fstal a Barborce je\u0161t\u011b jednou velk\u00e1 gratulace za olympijskou medaili!<\/p>\n<p><a href=\"http:\/\/www.sk-kesl-ryu.cz\/index.php\/olympiada-2017\/\">Fotogalerie z LODM ZDE<\/a><\/p>\n","protected":false},"excerpt":{"rendered":"<p>Doslova jako o sv\u00e1tku v\u011bt\u0161iny olympijsk\u00fdch sport\u016f v&nbsp;na\u0161\u00ed republice m\u016f\u017eeme hovo\u0159it o letn\u00ed olympi\u00e1d\u011b. Tentokr\u00e1t konala v&nbsp;Brn\u011b od 24 do<\/p>\n","protected":false},"author":1,"featured_media":4603,"comment_status":"open","ping_status":"closed","sticky":false,"template":"","format":"standard","meta":{"colormag_page_container_layout":"default_layout","colormag_page_sidebar_layout":"default_layout","ngg_post_thumbnail":0,"footnotes":""},"categories":[5],"tags":[],"class_list":["post-4602","post","type-post","status-publish","format-standard","has-post-thumbnail","hentry","category-aktuality"],"_links":{"self":[{"href":"https:\/\/www.sk-kesl-ryu.cz\/index.php\/wp-json\/wp\/v2\/posts\/4602","targetHints":{"allow":["GET"]}}],"collection":[{"href":"https:\/\/www.sk-kesl-ryu.cz\/index.php\/wp-json\/wp\/v2\/posts"}],"about":[{"href":"https:\/\/www.sk-kesl-ryu.cz\/index.php\/wp-json\/wp\/v2\/types\/post"}],"author":[{"embeddable":true,"href":"https:\/\/www.sk-kesl-ryu.cz\/index.php\/wp-json\/wp\/v2\/users\/1"}],"replies":[{"embeddable":true,"href":"https:\/\/www.sk-kesl-ryu.cz\/index.php\/wp-json\/wp\/v2\/comments?post=4602"}],"version-history":[{"count":2,"href":"https:\/\/www.sk-kesl-ryu.cz\/index.php\/wp-json\/wp\/v2\/posts\/4602\/revisions"}],"predecessor-version":[{"id":4677,"href":"https:\/\/www.sk-kesl-ryu.cz\/index.php\/wp-json\/wp\/v2\/posts\/4602\/revisions\/4677"}],"wp:featuredmedia":[{"embeddable":true,"href":"https:\/\/www.sk-kesl-ryu.cz\/index.php\/wp-json\/wp\/v2\/media\/4603"}],"wp:attachment":[{"href":"https:\/\/www.sk-kesl-ryu.cz\/index.php\/wp-json\/wp\/v2\/media?parent=4602"}],"wp:term":[{"taxonomy":"category","embeddable":true,"href":"https:\/\/www.sk-kesl-ryu.cz\/index.php\/wp-json\/wp\/v2\/categories?post=4602"},{"taxonomy":"post_tag","embeddable":true,"href":"https:\/\/www.sk-kesl-ryu.cz\/index.php\/wp-json\/wp\/v2\/tags?post=4602"}],"curies":[{"name":"wp","href":"https:\/\/api.w.org\/{rel}","templated":true}]}}