{"id":5846,"date":"2018-09-28T09:58:46","date_gmt":"2018-09-28T07:58:46","guid":{"rendered":"http:\/\/www.sk-kesl-ryu.cz\/?p=5846"},"modified":"2018-09-28T09:59:03","modified_gmt":"2018-09-28T07:59:03","slug":"mcr-cabk-opet-ve-velkem-stylu","status":"publish","type":"post","link":"https:\/\/www.sk-kesl-ryu.cz\/index.php\/2018\/09\/28\/mcr-cabk-opet-ve-velkem-stylu\/","title":{"rendered":"M\u010cR \u010cABK op\u011bt ve velk\u00e9m stylu"},"content":{"rendered":"<p style=\"text-align: justify;\">Dev\u00e1t\u00fd ro\u010dn\u00edk Mistrovstv\u00ed republiky \u010cABK prob\u011bhl op\u011bt ve velk\u00e9m stylu, za \u00fa\u010dasti v\u00edce jak deseti st\u00e1t\u016f a tak\u0159ka 400 z\u00e1vodn\u00edk\u016f z v\u00edce jak 40 klub\u016f zahrani\u010dn\u00edch i dom\u00e1c\u00edch. Ne\u017e se dostaneme k na\u0161im z\u00e1vodn\u00edk\u016fm a jejich v\u00fdsledk\u016fm, je ur\u010dit\u011b na m\u00edst\u011b zde uv\u00e9st ob\u011btav\u00e9 rodi\u010de a v\u0161echny ostatn\u00ed, bez nich\u017e by sout\u011b\u017e nebyla. Nasazen\u00ed a nezi\u0161tnost p\u0159i skl\u00e1dan\u00ed tatami ve \u010dtvrtek a v p\u00e1tek p\u0159ipravov\u00e1n\u00ed sout\u011b\u017ee a\u017e do 1 hodiny rann\u00ed, a po t\u00e9 cel\u00fd den za \u010dasom\u00edrou \u010di jin\u00e9 \u010dinnosti nezbytn\u00e9 pro sout\u011b\u017e. Je\u0161t\u011b jednou touto cestou moc d\u011bkuji man\u017eel\u016fm \u0160\u0165astn\u00fdm,man\u017eel\u016fm Re<span lang=\"cs\">\u0161ov\u00fdm, P.Str\u00e1nsk\u00e9mu, P.Sib\u0159inovi, p.Hrazd\u00edrovi i Lubo\u0161ovi Hrazd\u00edrovi, J\u00e1chymovi, Jindrovi Jetelovi, Liborovi Podrou\u017ekovi a M i T. Linkemu a je\u0161t\u011b v\u011bt\u0161in\u011b i v sobotu v\u010detn\u011b Lubo\u0161e Janou\u0161ka, R.Paterov\u00e9, P.Andr\u0161ov\u00e9, Z.Augustinov\u00e9, E.Hubkov\u00e9, V.\u0160\u0165astn\u00e9 a dal\u0161\u00edch, kte\u0159\u00ed pom\u00e1hali p\u0159i z\u00e1v\u011bre\u010dn\u00e9m \u00faklidu. <\/span><\/p>\n<p style=\"text-align: justify;\"><span lang=\"cs\">A jak na\u0161i borci? No \u010dekal jsem to po pr\u00e1zdnin\u00e1ch hor\u0161\u00ed, ale u n\u011bkter\u00fdch p\u0159ekvapiv\u011b dobr\u00e9, u ostatn\u00edch bylo vid\u011bt pr\u00e1zdninov\u00e9 \u201eodpo\u010d\u00edv\u00e1n\u00ed\u201c. Ur\u010ditou roli hr\u00e1lo i m\u00edrn\u011b \u0159e\u010deno \u201especifick\u00e9\u201c rozhodov\u00e1n\u00ed vybran\u00fdch zahrani\u010dn\u00edch rozhod\u010d\u00edch, kte\u0159\u00ed se nemohli zbavit ur\u010dit\u00e9ho ne zdrav\u00e9ho patriotismu k z\u00e1vodn\u00edk\u016fm sv\u00e9 vlasti. Ale nen\u00ed na m\u00edst\u011b si st\u011b\u017eovat. Zlata moc nebylo, ale nesm\u00edme b\u00fdt nenasytn\u00ed a konkurence byla dobr\u00e1. V\u00fdbor<\/span><span lang=\"cs\">n\u00fdm v\u00fdkonem zlatou medail\u00ed se prezentovali Hanka Va\u0161\u00ed\u010dkov\u00e1-kata \u017eeny, Nikola J\u016fzov\u00e1-kata juniorky, Lubo\u0161 Hrazd\u00edr-kumite dorost a Re\u0161ov\u00e1 M\u00ed\u0161a.kata st. \u017e\u00e1kyn\u011b. V kata jak ji\u017e bylo \u0159e\u010deno tro\u0161ku na rozhod\u010d\u00ed doplatila Barborka \u0160\u0165astn\u00e1, zvl\u00e1\u0161t\u011b jej\u00ed fin\u00e1lov\u00e1 kata byla super, d\u00e1le Veronika Re\u0161ov\u00e1, kter\u00e1 v\u0161ak dos\u00e1hla na st\u0159\u00edbro-kata ml.\u017e\u00e1kyn\u011b,dokonce dv\u011b st\u0159\u00edbra vybojoval po z\u00e1sluze Kuba Slana\u0159 a sice v kata i kumite, stejn\u00fd kov pro Pavlu \u0160imonovou-kata masters, Filipa Smutn\u00e9ho-kata dorost a za skv\u011bl\u00e9 kumite i Podrou\u017eek Libor v mu\u017e\u00edch. Pochopiteln\u011b mezi siln\u00fdmi t\u00fdmy Rumunska, D\u00e1nska, It\u00e1lie a dal\u0161\u00edch byla i bronzov\u00e1 medaile hodn\u011b cenn\u00e1. Zde za v\u00fdborn\u00fd v\u00fdkon v kumite 3.m\u00edsto vybojovala Barborka \u0160\u0165astn\u00e1, Valent\u00fdna Hrazd\u00edrov\u00e1-kata ml.\u017e\u00e1kyn\u011b, Radka Paterov\u00e1-kata masters, Mikul\u00e1\u0161 Pater-kata ml.\u017e\u00e1ci, Radek Fr\u00fchauf-kata masters, Jan Str\u00e1nsk\u00fd-kata ml.\u017e\u00e1ci a Terezka Sib\u0159inov\u00e1-kumite ml.\u017e\u00e1ci. <\/span><\/p>\n<p style=\"text-align: justify;\"><span lang=\"cs\">Co \u0159\u00edci na z\u00e1v\u011br. P\u0159\u00edprava sout\u011b\u017ee je v\u017edy n\u00e1ro\u010dn\u00e1 a to z d\u016fvodu, \u017ee v\u0161echny t\u00edha le\u017e\u00ed pouze na nezi\u0161tn\u00fdch dobrovoln\u00edc\u00edch na\u0161eho klubu. Je mi jasn\u00e9, \u017ee ne v\u0161ichni maj\u00ed \u010das, ale pokud z\u016fstane v\u0161e jen na ob\u011btav\u00fdch rodi\u010d\u00edch, je re\u00e1ln\u00e9 \u017ee budeme jezdit po cel\u00e9 republice, ale v Praze sout\u011b\u017ee nebudou. Cht\u011blo by to u t\u011bch na\u0161ich mlad\u00fdch tro\u0161ku zdrav\u00e9ho pra\u017esk\u00e9ho patriotismu.&nbsp;<\/span>Ale konec dobr\u00fd, v\u0161e dobr\u00e9, je\u0161t\u011b jednou i t\u011bm o kter\u00fdch se nemluv\u00ed, proto\u017ee to \u017ee makaj\u00ed je tak n\u011bjak automatick\u00e9 a\u0165 mluv\u00edme o Ka\u010dce, Hance,Vla\u010fce Linkeov\u00e9, prezidentce \u010cABK Radce Hassaine \u010di jedin\u00e9mu sponzorovi sout\u011b\u017ee Markovi \u0160\u0165astn\u00e9mu, opravdu velk\u00e9 d\u00edky.<\/p>\n<p style=\"text-align: justify;\">Je\u0161t\u011b k z\u00e1vodn\u00edk\u016fm. Karate a sport je o tom,aby n\u00e1s i vychov\u00e1val pro dal\u0161\u00ed \u017eivot. Je tedy na ka\u017ed\u00e9m z n\u00e1s, zda-li dovede p\u0159ijmout por\u00e1\u017eku jako v\u00edt\u011bzstv\u00ed, a i kdy\u017e u n\u011bkter\u00fdch emoce po prohran\u00e9m z\u00e1pase cloumaj\u00ed, je t\u0159eba se nau\u010dit ovl\u00e1dat a br\u00e1t to i tak, \u017ee pokud si budete jisti, \u017ee pro to aby jste byli nejlep\u0161\u00ed d\u011bl\u00e1te maximum, budete vyhr\u00e1vat i p\u0159i p\u0159\u00edpadn\u00fdm v\u00fdhrad\u00e1m v\u016f\u010di rozhod\u010d\u00edm!<\/p>\n<p>Za fote\u010dky d\u011bkujeme Jetel\u00ed\u010dkovi \ud83d\ude42<\/p>\n<p><a href=\"http:\/\/www.sk-kesl-ryu.cz\/index.php\/mcr-cabk-2018\/\">Fotogalerie ZDE \ud83d\ude42<\/a><\/p>\n","protected":false},"excerpt":{"rendered":"<p>Dev\u00e1t\u00fd ro\u010dn\u00edk Mistrovstv\u00ed republiky \u010cABK prob\u011bhl op\u011bt ve velk\u00e9m stylu, za \u00fa\u010dasti v\u00edce jak deseti st\u00e1t\u016f a tak\u0159ka 400 z\u00e1vodn\u00edk\u016f<\/p>\n","protected":false},"author":1,"featured_media":5847,"comment_status":"open","ping_status":"closed","sticky":false,"template":"","format":"standard","meta":{"colormag_page_container_layout":"default_layout","colormag_page_sidebar_layout":"default_layout","ngg_post_thumbnail":0,"footnotes":""},"categories":[5],"tags":[],"class_list":["post-5846","post","type-post","status-publish","format-standard","has-post-thumbnail","hentry","category-aktuality"],"_links":{"self":[{"href":"https:\/\/www.sk-kesl-ryu.cz\/index.php\/wp-json\/wp\/v2\/posts\/5846","targetHints":{"allow":["GET"]}}],"collection":[{"href":"https:\/\/www.sk-kesl-ryu.cz\/index.php\/wp-json\/wp\/v2\/posts"}],"about":[{"href":"https:\/\/www.sk-kesl-ryu.cz\/index.php\/wp-json\/wp\/v2\/types\/post"}],"author":[{"embeddable":true,"href":"https:\/\/www.sk-kesl-ryu.cz\/index.php\/wp-json\/wp\/v2\/users\/1"}],"replies":[{"embeddable":true,"href":"https:\/\/www.sk-kesl-ryu.cz\/index.php\/wp-json\/wp\/v2\/comments?post=5846"}],"version-history":[{"count":1,"href":"https:\/\/www.sk-kesl-ryu.cz\/index.php\/wp-json\/wp\/v2\/posts\/5846\/revisions"}],"predecessor-version":[{"id":5848,"href":"https:\/\/www.sk-kesl-ryu.cz\/index.php\/wp-json\/wp\/v2\/posts\/5846\/revisions\/5848"}],"wp:featuredmedia":[{"embeddable":true,"href":"https:\/\/www.sk-kesl-ryu.cz\/index.php\/wp-json\/wp\/v2\/media\/5847"}],"wp:attachment":[{"href":"https:\/\/www.sk-kesl-ryu.cz\/index.php\/wp-json\/wp\/v2\/media?parent=5846"}],"wp:term":[{"taxonomy":"category","embeddable":true,"href":"https:\/\/www.sk-kesl-ryu.cz\/index.php\/wp-json\/wp\/v2\/categories?post=5846"},{"taxonomy":"post_tag","embeddable":true,"href":"https:\/\/www.sk-kesl-ryu.cz\/index.php\/wp-json\/wp\/v2\/tags?post=5846"}],"curies":[{"name":"wp","href":"https:\/\/api.w.org\/{rel}","templated":true}]}}