{"id":5949,"date":"2019-06-30T12:51:05","date_gmt":"2019-06-30T10:51:05","guid":{"rendered":"http:\/\/www.sk-kesl-ryu.cz\/?p=5949"},"modified":"2019-06-30T13:17:46","modified_gmt":"2019-06-30T11:17:46","slug":"mistrovstvi-sveta-wukf-pro-nase-barvy-nad-ocekavani","status":"publish","type":"post","link":"https:\/\/www.sk-kesl-ryu.cz\/index.php\/2019\/06\/30\/mistrovstvi-sveta-wukf-pro-nase-barvy-nad-ocekavani\/","title":{"rendered":"Mistrovstv\u00ed sv\u011bta WUKF pro na\u0161e barvy nad o\u010dek\u00e1v\u00e1n\u00ed"},"content":{"rendered":"<p style=\"text-align: justify;\">Se 45 st\u00e1ty a tak\u0159ka 4000 z\u00e1vodn\u00edky bylo toto mistrovstv\u00ed \u00fa\u010dast\u00ed nejv\u011bt\u0161\u00ed v historii MS WUKF, a dovol\u00edm si tvrdit, v\u016fbec ze v\u0161ech sport\u016f. Za reprezentaci \u010cABK budu teprve d\u00e1vat v\u00fdsledky dohromady, ale u\u017e te\u010f je jist\u00e9, \u017ee v \u00fasp\u011b\u0161nosti jednotliv\u00fdch reprezentac\u00ed se um\u00edst\u00edme hodn\u011b vysoko. Nejv\u011bt\u0161\u00edm pod\u00edlem k tomu p\u0159isp\u011bli reprezentanti na\u0161eho klubu, a tak k v\u00fdsledk\u016fm, proto\u017ee jednotliv\u00e9 v\u00fdkony budou prop\u00edr\u00e1ny a\u017e na kempu.<\/p>\n<p style=\"text-align: justify;\">Po zaprezentov\u00e1n\u00ed rekordn\u00ed 90ti \u010dlenn\u00e9 v\u00fdpravy se prvn\u00ed den do boj\u016f pustili v\u011bt\u0161inou t\u00fdmy. Hned na za\u010d\u00e1tku perfektn\u011b zabojovaly na\u0161e o kousek d\u0159\u00edve narozen\u00e9 d\u00e1my <strong>Hanka Va\u0161\u00ed\u010dkov\u00e1<\/strong>, <strong>Ka\u010dka Keslov\u00e1<\/strong> a <strong>Petra Andr\u0161ov\u00e1<\/strong>. Z dvan\u00e1cti \u010dlenn\u00e9ho semifin\u00e1le ode\u0161ly <strong>jako mistryn\u011b sv\u011bta!!!<\/strong> Hned na to nastupoval n\u00e1\u0161 t\u00fdm, prakticky ned\u00e1vno slo\u017een\u00fd a sice st. \u017e\u00e1k\u016f <strong>Honza Str\u00e1nsk\u00fd<\/strong>, <strong>Maty\u00e1\u0161 Houska<\/strong> a <strong>Vojta Andr\u0161<\/strong>. Sen se prom\u011bnil v realitu i zde nakonec <strong>mist\u0159i sv\u011bta!! <\/strong>Pak se zapojili i masters a i zde v hodn\u011b \u0161irok\u00e9m startovn\u00edm poli byly vid\u011bt od na\u0161ich super v\u00fdkony. Medaile sice zazvonila u\u017e jen jedna, ale p\u0159es to vynikaj\u00edc\u00ed dal\u0161\u00ed um\u00edst\u011bn\u00ed: 4. m\u00edsto H. Va\u0161\u00ed\u010dkov\u00e1, K. Keslov\u00e1, M. Sl\u00e1ma, t\u00fdm na\u0161ich sle\u010den Barborka \u0160\u0165astn\u00e1, Veronika Re\u0161ov\u00e1 a M\u00ed\u0161a Re\u0161ov\u00e1 a cenn\u00e9 i 5. m\u00edsto Petry Andr\u0161ov\u00e9. Vele\u00fasp\u011b\u0161n\u00fd prvn\u00ed den <strong>zakon\u010dil bronzem n\u00e1\u010deln\u00edk v\u00fdpravy<\/strong>.<\/p>\n<p style=\"text-align: justify;\">Druh\u00fd den byl dnem na\u0161\u00ed ml\u00e1de\u017ee. Hned na za\u010d\u00e1tku se v tom nejlep\u0161\u00edm sv\u011btle p\u0159edvedl <strong>Mikul\u00e1\u0161 Pater<\/strong> v kateg. ml. \u017e\u00e1k\u016f 5-6.kyu, kde vybojoval pro \u010cABK-n\u00e1\u0161 klub:-) u\u017e <strong>t\u0159et\u00ed titul mistra sv\u011bta<\/strong>. Tak\u0159ka t\u0159icet z\u00e1vodnic musela porazit v exponovan\u00e9 sout\u011b\u017ei kata st. \u017e\u00e1ky\u0148 <strong>Barborka \u0160\u0165astn\u00e1<\/strong> a nakonec se po velk\u00fdch nervech dobr\u00e1 v\u011bc poda\u0159ila a <strong>cenn\u00fd bronz<\/strong> byl na sv\u011bt\u011b. Ve velk\u00e9m stylu zabojovali i na\u0161i borci st. \u017e\u00e1k\u016f <strong>Honza Str\u00e1nsk\u00fd<\/strong> a Maty Houska. Doslova o kous\u00ed\u010dek byl \u00fasp\u011b\u0161n\u011bj\u0161\u00ed Honza, kter\u00fd vybojoval <strong>skv\u011bl\u00fd bronz<\/strong>, ale i Maty\u00e1\u0161 \u201ebrambor\u00e1\u010dek\u201c bomba! Medailov\u011b se u\u017e d\u00e1le nezvonilo, ale byli jsme na MS! I kdy\u017e Nik\u010da J\u016fzov\u00e1 se na 4. m\u00edsto mra\u010dila, Veronika Re\u0161ov\u00e1 byla spokojena v 6ti \u010dlenn\u00e9m fin\u00e1le jen \u010d\u00e1ste\u010dn\u011b, nebo Lucka Paterov\u00e1, kter\u00e1 se od1.kola po fin\u00e1le pohybovala na \u010dele, ale fin\u00e1le se \u00fapln\u011b nepovedlo a nakonec 6. m\u00edsto, rozhodn\u011b hovo\u0159\u00edme o super v\u00fdkonech i um\u00edst\u011bn\u00edch.<\/p>\n<p style=\"text-align: justify;\">3 den byl dnem kumite, Barborka, M\u00ed\u0161a i Ver\u010da bojovaly srdnat\u011b, na medaili sice nedos\u00e1hly, ale spokojenost. Kdy\u017e u\u017e to vypadalo, \u017ee vyjdeme medailov\u011b napr\u00e1zdno, vlo\u017eil se do toho vynikaj\u00edc\u00edm kumite <strong>Vojta Andr\u0161<\/strong> a jeho <strong>st\u0159\u00edbro<\/strong> m\u00e1 cenu zlata. Kdy\u017e je\u0161t\u011b skv\u011ble zabojovala i <strong>Terezka Sib\u0159inov\u00e1<\/strong> a z\u00edskala <strong>cenn\u00fd bronz<\/strong>, mohli jsme i \u201ekumi\u0165\u00e1cky\u201c vydechnout. Kdy\u017e u\u017e jsme vlastn\u011b pomalu posledn\u00ed den balili, p\u0159i\u0161ly dal\u0161\u00ed bomby. Hanka si splnila c\u00edl a v \u017een\u00e1ch postoupila do semifin\u00e1le. &nbsp;Cenn\u00e9 by bylo jak\u00e9koliv um\u00edst\u011bn\u00ed v kata mu\u017e\u016f kde kvalita byla opravdu vysok\u00e1. <strong>Jakub Slana\u0159<\/strong> ale fam\u00f3zn\u00edm v\u00fdkonem drtil jednoho soupe\u0159e po druh\u00e9m a nakonec <strong>skv\u011bl\u00fd bronz<\/strong>! Na \u00fapln\u00fd z\u00e1v\u011br p\u0159i\u0161la doslova zlat\u00e1 te\u010dka, kdy\u017e <strong>Nik\u010da J\u016fzov\u00e1<\/strong> nezav\u00e1hala a v kategorii p\u0159es 30 soupe\u0159ek se v\u00fdborn\u00fdm v\u00fdkonem stala <strong>mistryn\u00ed sv\u011bta!!!<\/strong><\/p>\n<p style=\"text-align: justify;\">D\u00edk a gratulace nepat\u0159\u00ed pouze na\u0161im \u00fasp\u011b\u0161n\u00fdm reprezentant\u016fm a kou\u010d\u016fm, ale p\u0159edev\u0161\u00edm rodi\u010d\u016fm za jejich ob\u011btavost a t\u00fdm, kter\u00fd je nezbytn\u00fd pro dobr\u00e9 v\u00fdkony hlavn\u011b d\u011bt\u00ed. D\u00edky za vynikaj\u00edc\u00ed tribunovou klaku zvl\u00e1\u0161t\u011b t\u011bch, kte\u0159\u00ed do ned\u011ble vydr\u017eeli a pr\u00e1v\u011b skv\u011bl\u00fdm povzbuzov\u00e1n\u00edm se i oni p\u0159i\u010dinili o zisk na\u0161ich medail\u00ed. D\u00edky v\u0161em, i p\u0159es n\u00e1ro\u010dnost skv\u011bl\u00e1 akce!<\/p>\n<p><a href=\"http:\/\/www.sk-kesl-ryu.cz\/index.php\/ms-wukf-2019\/\">FOTO Z MS ZDE \ud83d\ude42<\/a><\/p>\n","protected":false},"excerpt":{"rendered":"<p>Se 45 st\u00e1ty a tak\u0159ka 4000 z\u00e1vodn\u00edky bylo toto mistrovstv\u00ed \u00fa\u010dast\u00ed nejv\u011bt\u0161\u00ed v historii MS WUKF, a dovol\u00edm si tvrdit,<\/p>\n","protected":false},"author":1,"featured_media":5947,"comment_status":"closed","ping_status":"closed","sticky":false,"template":"","format":"standard","meta":{"colormag_page_container_layout":"default_layout","colormag_page_sidebar_layout":"default_layout","ngg_post_thumbnail":0,"footnotes":""},"categories":[5],"tags":[],"class_list":["post-5949","post","type-post","status-publish","format-standard","has-post-thumbnail","hentry","category-aktuality"],"_links":{"self":[{"href":"https:\/\/www.sk-kesl-ryu.cz\/index.php\/wp-json\/wp\/v2\/posts\/5949","targetHints":{"allow":["GET"]}}],"collection":[{"href":"https:\/\/www.sk-kesl-ryu.cz\/index.php\/wp-json\/wp\/v2\/posts"}],"about":[{"href":"https:\/\/www.sk-kesl-ryu.cz\/index.php\/wp-json\/wp\/v2\/types\/post"}],"author":[{"embeddable":true,"href":"https:\/\/www.sk-kesl-ryu.cz\/index.php\/wp-json\/wp\/v2\/users\/1"}],"replies":[{"embeddable":true,"href":"https:\/\/www.sk-kesl-ryu.cz\/index.php\/wp-json\/wp\/v2\/comments?post=5949"}],"version-history":[{"count":2,"href":"https:\/\/www.sk-kesl-ryu.cz\/index.php\/wp-json\/wp\/v2\/posts\/5949\/revisions"}],"predecessor-version":[{"id":6037,"href":"https:\/\/www.sk-kesl-ryu.cz\/index.php\/wp-json\/wp\/v2\/posts\/5949\/revisions\/6037"}],"wp:featuredmedia":[{"embeddable":true,"href":"https:\/\/www.sk-kesl-ryu.cz\/index.php\/wp-json\/wp\/v2\/media\/5947"}],"wp:attachment":[{"href":"https:\/\/www.sk-kesl-ryu.cz\/index.php\/wp-json\/wp\/v2\/media?parent=5949"}],"wp:term":[{"taxonomy":"category","embeddable":true,"href":"https:\/\/www.sk-kesl-ryu.cz\/index.php\/wp-json\/wp\/v2\/categories?post=5949"},{"taxonomy":"post_tag","embeddable":true,"href":"https:\/\/www.sk-kesl-ryu.cz\/index.php\/wp-json\/wp\/v2\/tags?post=5949"}],"curies":[{"name":"wp","href":"https:\/\/api.w.org\/{rel}","templated":true}]}}