{"id":6111,"date":"2019-11-05T15:33:43","date_gmt":"2019-11-05T14:33:43","guid":{"rendered":"http:\/\/www.sk-kesl-ryu.cz\/?p=6111"},"modified":"2019-11-05T16:18:15","modified_gmt":"2019-11-05T15:18:15","slug":"nasi-karatiste-na-me-eukf-v-danskem-odens-uspesni","status":"publish","type":"post","link":"https:\/\/www.sk-kesl-ryu.cz\/index.php\/2019\/11\/05\/nasi-karatiste-na-me-eukf-v-danskem-odens-uspesni\/","title":{"rendered":"Na\u0161i karatist\u00e9 na ME EUKF v D\u00e1nsk\u00e9m Odens \u00fasp\u011b\u0161n\u00ed"},"content":{"rendered":"<p style=\"text-align: justify;\">Ve dnech 23-27. 10. 2019 se v&nbsp;Odense konalo mistrovstv\u00ed Evropy organizace EUKF v&nbsp;karate, kter\u00e9ho se z\u00fa\u010dastnilo 48 federac\u00ed z&nbsp;21 st\u00e1t\u016f. Jedn\u00e1 se o nejv\u011bt\u0161\u00ed evropskou organizaci karate, ve&nbsp;kter\u00e9 se utkaly v\u0161echny v\u011bkov\u00e9 kategorie. V\u00fdprava \u010desk\u00e9 reprezentace pod hlavi\u010dkou \u010cesk\u00e9 asociace budo karate v&nbsp;po\u010dtu 26 z\u00e1vodn\u00edk\u016f pro kata (souborn\u00e9 cvi\u010den\u00ed) a kumite (samotn\u00fd z\u00e1pas) a 8 t\u00fdm\u016f z&nbsp;toho 6 t\u00fdm\u016f na kata a 3 na kumite. \u017de se i z&nbsp;pohledu ni\u017e\u0161\u00edho po\u010dtu z\u00e1vodn\u00edk\u016f ve srovn\u00e1n\u00ed s&nbsp;ostatn\u00edmi federacemi da\u0159ilo, sv\u011bd\u010d\u00ed fakt z\u00edskan\u00fdch medail\u00ed 22 medail\u00ed (7,4,11), kter\u00e9 za\u0159adilo na\u0161\u00ed reprezentaci v&nbsp;\u00fasp\u011b\u0161nosti na 9 m\u00edsto ze v\u0161ech z\u00fa\u010dastn\u011bn\u00fdch.<em> (\u010derven\u011b zna\u010deni reprezentanti Kesl ryu).<\/em>Zaslou\u017eili se o to reprezentanti Veronika Re\u0161ov\u00e1 (mistr Evropy kata i kumite), Barbora \u0160\u0165astn\u00e1 (mistr Evropy kumite, 2. m\u00edsto kata), Jan Str\u00e1nsk\u00fd (2. m\u00edsto kata), Maty\u00e1\u0161 Houska (3. m\u00edsto kata), Kate\u0159ina Keslov\u00e1 (3. m\u00edsto kata), Michaela Re\u0161ov\u00e1 (2. m\u00edsto kata), Martin Sl\u00e1ma (3. m\u00edsto kata), Daniel Brejcha (mistr Evropy kata, 3. m\u00edsto kumite), Denisa Brejchov\u00e1 (3. m\u00edsto kumite), Michal Nosek (mistr Evropy kata), Linda Skalov\u00e1 (3. m\u00edsto kumite), \u0160t\u011bp\u00e1n Svoboda (2. m\u00edsto kata).<\/p>\n<p style=\"text-align: justify;\">T\u00fdmy: 3. m\u00edsto kata (Barbora \u0160\u0165astn\u00e1, Michaela Re\u0161ov\u00e1, Veronika Re\u0161ov\u00e1), 3. m\u00edsto kata (Maty\u00e1\u0161 Houska, Jan Str\u00e1nsk\u00fd, Vojt\u011bch Andr\u0161), 3. m\u00edsto kumite (Barbora \u0160\u0165astn\u00e1, Michaela Re\u0161ov\u00e1, Denisa Brejchov\u00e1), 3. m\u00edsto kumite rotace (Barbora \u0160\u0165astn\u00e1, Michaela Re\u0161ov\u00e1, Denisa Brejchov\u00e1). Mist\u0159i Evropy kata (Daniel Brejcha, Mat\u011bj Lippert, Filip Smutn\u00fd), 3. m\u00edsto kata (Vladim\u00edr Fafek, Dominik Zacha\u0159, Jakub Fidler), mist\u0159i Evropy kata (Denisa Brejchov\u00e1, Eli\u0161ka Fidlerov\u00e1, Eli\u0161ka Mihal\u010datinov\u00e1)<\/p>\n<p><strong>Zaslou\u017eili se o to reprezentanti:<\/strong><\/p>\n<p>Mistryn\u011b Evropy Veronika Re\u0161ov\u00e1 kata&nbsp;<br \/>\nMistryn\u011b Evropy Veronika Re\u0161ov\u00e1 kumite<br \/>\nMistryn\u011b Evropy Barbora \u0160\u0165astn\u00e1 kumite, 2. m\u00edsto kata<br \/>\nMistr Evropy Daniel Brejcha kata, 3. m\u00edsto kumite<br \/>\nMistr Evropy Michal Nosek kata<\/p>\n<p>2. m\u00edsto Jan Str\u00e1nsk\u00fd kata<br \/>\n2. m\u00edsto Michaela Re\u0161ov\u00e1 kata<br \/>\n2. m\u00edsto \u0160t\u011bp\u00e1n Svoboda kata, 2. m\u00edsto oll styles kata<br \/>\n3. m\u00edsto Kate\u0159ina Keslov\u00e1 kata<br \/>\n3. m\u00edsto Maty\u00e1\u0161 Houska kata<br \/>\n3. m\u00edsto Martin Sl\u00e1ma kata<br \/>\n3. m\u00edsto Denisa Brejchov\u00e1 kumite<br \/>\n3. m\u00edsto Linda Skalov\u00e1 kumite<\/p>\n<p><strong>T\u00fdmy:<\/strong><\/p>\n<p>Mist\u0159i Evropy kata Daniel Brejcha, Mat\u011bj Lippert, Filip Smutn\u00fd<br \/>\nMistryn\u011b Evropy kata Denisa Brejchov\u00e1, Eli\u0161ka Fidlerov\u00e1, Eli\u0161ka Mihal\u010datinov\u00e1<\/p>\n<p>3. m\u00edsto kata Maty\u00e1\u0161 Houska, Jan Str\u00e1nsk\u00fd, Vojt\u011bch Andr\u0161<br \/>\n3. m\u00edsto kata Barbor \u0160\u0165astn\u00e1, Michaela Re\u0161ov\u00e1, Veronika Re\u0161ov\u00e1<br \/>\n3. m\u00edsto kumite Barbora \u0160\u0165astn\u00e1, Michaela Re\u0161ov\u00e1, Denisa Brejchov\u00e1<br \/>\n3. m\u00edsto kumite rotace Barbora \u0160\u0165astn\u00e1, Michaela Re\u0161ov\u00e1, Denisa Brejchov\u00e1<br \/>\n3. m\u00edsto kata Vladim\u00edr Fafek, Dominik Zacha\u0159, Jakub Fidler<\/p>\n<p>P\u00e1r fote\u010dek \ud83d\ude42<\/p>\n[ezcol_1fifth]\n<p><a href=\"http:\/\/www.sk-kesl-ryu.cz\/wp-content\/uploads\/2019\/11\/01.jpeg\" target=\"_blank\" rel=\"noopener noreferrer\"><img loading=\"lazy\" decoding=\"async\" class=\"alignnone wp-image-6125 size-thumbnail\" src=\"http:\/\/www.sk-kesl-ryu.cz\/wp-content\/uploads\/2019\/11\/01-150x150.jpeg\" alt=\"\" width=\"150\" height=\"150\"><\/a><\/p>\n[\/ezcol_1fifth]\n[ezcol_1fifth]\n<p><a href=\"http:\/\/www.sk-kesl-ryu.cz\/wp-content\/uploads\/2019\/11\/received_706023283221891.jpeg\" target=\"_blank\" rel=\"noopener noreferrer\"><img loading=\"lazy\" decoding=\"async\" class=\"alignnone wp-image-6128 size-thumbnail\" src=\"http:\/\/www.sk-kesl-ryu.cz\/wp-content\/uploads\/2019\/11\/received_706023283221891-150x150.jpeg\" alt=\"\" width=\"150\" height=\"150\"><\/a><\/p>\n[\/ezcol_1fifth]\n[ezcol_1fifth]\n<p><a href=\"http:\/\/www.sk-kesl-ryu.cz\/wp-content\/uploads\/2019\/11\/04.jpg\" target=\"_blank\" rel=\"noopener noreferrer\"><img loading=\"lazy\" decoding=\"async\" class=\"alignnone wp-image-6127 size-thumbnail\" src=\"http:\/\/www.sk-kesl-ryu.cz\/wp-content\/uploads\/2019\/11\/04-150x150.jpg\" alt=\"\" width=\"150\" height=\"150\"><\/a><\/p>\n[\/ezcol_1fifth]\n[ezcol_1fifth]\n<p><a href=\"http:\/\/www.sk-kesl-ryu.cz\/wp-content\/uploads\/2019\/11\/06.jpeg\" target=\"_blank\" rel=\"noopener noreferrer\"><img loading=\"lazy\" decoding=\"async\" class=\"alignnone wp-image-6126 size-thumbnail\" src=\"http:\/\/www.sk-kesl-ryu.cz\/wp-content\/uploads\/2019\/11\/06-150x150.jpeg\" alt=\"\" width=\"150\" height=\"150\"><\/a><\/p>\n[\/ezcol_1fifth]\n[ezcol_1fifth_end]\n<p><a href=\"http:\/\/www.sk-kesl-ryu.cz\/wp-content\/uploads\/2019\/11\/07.jpg\" target=\"_blank\" rel=\"noopener noreferrer\"><img loading=\"lazy\" decoding=\"async\" class=\"alignnone wp-image-6124 size-thumbnail\" src=\"http:\/\/www.sk-kesl-ryu.cz\/wp-content\/uploads\/2019\/11\/07-150x150.jpg\" alt=\"\" width=\"150\" height=\"150\"><\/a><\/p>\n[\/ezcol_1fifth_end]\n[ezcol_1fifth]\n<p><a href=\"http:\/\/www.sk-kesl-ryu.cz\/wp-content\/uploads\/2019\/11\/05.jpg\" target=\"_blank\" rel=\"noopener noreferrer\"><img loading=\"lazy\" decoding=\"async\" class=\"alignnone wp-image-6123 size-thumbnail\" src=\"http:\/\/www.sk-kesl-ryu.cz\/wp-content\/uploads\/2019\/11\/05-150x150.jpg\" alt=\"\" width=\"150\" height=\"150\" srcset=\"https:\/\/www.sk-kesl-ryu.cz\/wp-content\/uploads\/2019\/11\/05-150x150.jpg 150w, https:\/\/www.sk-kesl-ryu.cz\/wp-content\/uploads\/2019\/11\/05-298x300.jpg 298w, https:\/\/www.sk-kesl-ryu.cz\/wp-content\/uploads\/2019\/11\/05-768x774.jpg 768w, https:\/\/www.sk-kesl-ryu.cz\/wp-content\/uploads\/2019\/11\/05-1016x1024.jpg 1016w\" sizes=\"auto, (max-width: 150px) 100vw, 150px\" \/><\/a><\/p>\n[\/ezcol_1fifth]\n[ezcol_1fifth]\n<p><a href=\"http:\/\/www.sk-kesl-ryu.cz\/wp-content\/uploads\/2019\/11\/received_2313183315662595.jpeg\" target=\"_blank\" rel=\"noopener noreferrer\"><img loading=\"lazy\" decoding=\"async\" class=\"alignnone wp-image-6122 size-thumbnail\" src=\"http:\/\/www.sk-kesl-ryu.cz\/wp-content\/uploads\/2019\/11\/received_2313183315662595-150x150.jpeg\" alt=\"\" width=\"150\" height=\"150\"><\/a><\/p>\n[\/ezcol_1fifth]\n[ezcol_1fifth]\n<p><a href=\"http:\/\/www.sk-kesl-ryu.cz\/wp-content\/uploads\/2019\/11\/14.jpeg\" target=\"_blank\" rel=\"noopener noreferrer\"><img loading=\"lazy\" decoding=\"async\" class=\"alignnone wp-image-6120 size-thumbnail\" src=\"http:\/\/www.sk-kesl-ryu.cz\/wp-content\/uploads\/2019\/11\/14-150x150.jpeg\" alt=\"\" width=\"150\" height=\"150\"><\/a><\/p>\n[\/ezcol_1fifth]\n[ezcol_1fifth]\n<p><a href=\"http:\/\/www.sk-kesl-ryu.cz\/wp-content\/uploads\/2019\/11\/20191027_164118.jpg\" target=\"_blank\" rel=\"noopener noreferrer\"><img loading=\"lazy\" decoding=\"async\" class=\"alignnone wp-image-6121 size-thumbnail\" src=\"http:\/\/www.sk-kesl-ryu.cz\/wp-content\/uploads\/2019\/11\/20191027_164118-150x150.jpg\" alt=\"\" width=\"150\" height=\"150\"><\/a><\/p>\n[\/ezcol_1fifth]\n[ezcol_1fifth_end]\n<p><a href=\"http:\/\/www.sk-kesl-ryu.cz\/wp-content\/uploads\/2019\/11\/received_1965287503573757.jpeg\" target=\"_blank\" rel=\"noopener noreferrer\"><img loading=\"lazy\" decoding=\"async\" class=\"alignnone wp-image-6119 size-thumbnail\" src=\"http:\/\/www.sk-kesl-ryu.cz\/wp-content\/uploads\/2019\/11\/received_1965287503573757-150x150.jpeg\" alt=\"\" width=\"150\" height=\"150\"><\/a><\/p>\n[\/ezcol_1fifth_end]\n[ezcol_1fifth]\n<p><a href=\"http:\/\/www.sk-kesl-ryu.cz\/wp-content\/uploads\/2019\/11\/12.jpeg\" target=\"_blank\" rel=\"noopener noreferrer\"><img loading=\"lazy\" decoding=\"async\" class=\"alignnone wp-image-6118 size-thumbnail\" src=\"http:\/\/www.sk-kesl-ryu.cz\/wp-content\/uploads\/2019\/11\/12-150x150.jpeg\" alt=\"\" width=\"150\" height=\"150\"><\/a><\/p>\n[\/ezcol_1fifth]\n[ezcol_1fifth]\n<p><a href=\"http:\/\/www.sk-kesl-ryu.cz\/wp-content\/uploads\/2019\/11\/10.jpg\" target=\"_blank\" rel=\"noopener noreferrer\"><img loading=\"lazy\" decoding=\"async\" class=\"alignnone wp-image-6117 size-thumbnail\" src=\"http:\/\/www.sk-kesl-ryu.cz\/wp-content\/uploads\/2019\/11\/10-150x150.jpg\" alt=\"\" width=\"150\" height=\"150\"><\/a><\/p>\n[\/ezcol_1fifth]\n[ezcol_1fifth]\n<p><a href=\"http:\/\/www.sk-kesl-ryu.cz\/wp-content\/uploads\/2019\/11\/08.jpg\" target=\"_blank\" rel=\"noopener noreferrer\"><img loading=\"lazy\" decoding=\"async\" class=\"alignnone wp-image-6116 size-thumbnail\" src=\"http:\/\/www.sk-kesl-ryu.cz\/wp-content\/uploads\/2019\/11\/08-150x150.jpg\" alt=\"\" width=\"150\" height=\"150\"><\/a><\/p>\n[\/ezcol_1fifth]\n[ezcol_1fifth]\n<p><a href=\"http:\/\/www.sk-kesl-ryu.cz\/wp-content\/uploads\/2019\/11\/11.jpeg\" target=\"_blank\" rel=\"noopener noreferrer\"><img loading=\"lazy\" decoding=\"async\" class=\"alignnone wp-image-6115 size-thumbnail\" src=\"http:\/\/www.sk-kesl-ryu.cz\/wp-content\/uploads\/2019\/11\/11-150x150.jpeg\" alt=\"\" width=\"150\" height=\"150\"><\/a><\/p>\n[\/ezcol_1fifth]\n[ezcol_1fifth_end]\n<p><a href=\"http:\/\/www.sk-kesl-ryu.cz\/wp-content\/uploads\/2019\/11\/02.jpeg\" target=\"_blank\" rel=\"noopener noreferrer\"><img loading=\"lazy\" decoding=\"async\" class=\"alignnone wp-image-6112 size-thumbnail\" src=\"http:\/\/www.sk-kesl-ryu.cz\/wp-content\/uploads\/2019\/11\/02-150x150.jpeg\" alt=\"\" width=\"150\" height=\"150\"><\/a><\/p>\n[\/ezcol_1fifth_end]\n","protected":false},"excerpt":{"rendered":"<p>Ve dnech 23-27. 10. 2019 se v&nbsp;Odense konalo mistrovstv\u00ed Evropy organizace EUKF v&nbsp;karate, kter\u00e9ho se z\u00fa\u010dastnilo 48 federac\u00ed z&nbsp;21 st\u00e1t\u016f.<\/p>\n","protected":false},"author":1,"featured_media":6112,"comment_status":"closed","ping_status":"closed","sticky":false,"template":"","format":"standard","meta":{"colormag_page_container_layout":"default_layout","colormag_page_sidebar_layout":"default_layout","ngg_post_thumbnail":0,"footnotes":""},"categories":[5],"tags":[],"class_list":["post-6111","post","type-post","status-publish","format-standard","has-post-thumbnail","hentry","category-aktuality"],"_links":{"self":[{"href":"https:\/\/www.sk-kesl-ryu.cz\/index.php\/wp-json\/wp\/v2\/posts\/6111","targetHints":{"allow":["GET"]}}],"collection":[{"href":"https:\/\/www.sk-kesl-ryu.cz\/index.php\/wp-json\/wp\/v2\/posts"}],"about":[{"href":"https:\/\/www.sk-kesl-ryu.cz\/index.php\/wp-json\/wp\/v2\/types\/post"}],"author":[{"embeddable":true,"href":"https:\/\/www.sk-kesl-ryu.cz\/index.php\/wp-json\/wp\/v2\/users\/1"}],"replies":[{"embeddable":true,"href":"https:\/\/www.sk-kesl-ryu.cz\/index.php\/wp-json\/wp\/v2\/comments?post=6111"}],"version-history":[{"count":5,"href":"https:\/\/www.sk-kesl-ryu.cz\/index.php\/wp-json\/wp\/v2\/posts\/6111\/revisions"}],"predecessor-version":[{"id":6151,"href":"https:\/\/www.sk-kesl-ryu.cz\/index.php\/wp-json\/wp\/v2\/posts\/6111\/revisions\/6151"}],"wp:featuredmedia":[{"embeddable":true,"href":"https:\/\/www.sk-kesl-ryu.cz\/index.php\/wp-json\/wp\/v2\/media\/6112"}],"wp:attachment":[{"href":"https:\/\/www.sk-kesl-ryu.cz\/index.php\/wp-json\/wp\/v2\/media?parent=6111"}],"wp:term":[{"taxonomy":"category","embeddable":true,"href":"https:\/\/www.sk-kesl-ryu.cz\/index.php\/wp-json\/wp\/v2\/categories?post=6111"},{"taxonomy":"post_tag","embeddable":true,"href":"https:\/\/www.sk-kesl-ryu.cz\/index.php\/wp-json\/wp\/v2\/tags?post=6111"}],"curies":[{"name":"wp","href":"https:\/\/api.w.org\/{rel}","templated":true}]}}