{"id":6153,"date":"2019-12-11T19:49:51","date_gmt":"2019-12-11T18:49:51","guid":{"rendered":"http:\/\/www.sk-kesl-ryu.cz\/?p=6153"},"modified":"2019-12-11T19:52:32","modified_gmt":"2019-12-11T18:52:32","slug":"na-mcr-cske-bez-titulu-nic-moc-ale","status":"publish","type":"post","link":"https:\/\/www.sk-kesl-ryu.cz\/index.php\/2019\/12\/11\/na-mcr-cske-bez-titulu-nic-moc-ale\/","title":{"rendered":"Na M\u010cR \u010cSKe bez titulu nic moc, ale&#8230;"},"content":{"rendered":"<p style=\"text-align: justify;\"><span lang=\"cs\">Na titulek nejsme v d\u011bjin\u00e1ch na\u0161eho klubu p\u0159\u00edli\u0161 zvykl\u00ed, ale proto\u017ee jsem za ty l\u00e9ta realista a z\u00e1zraky ne\u010dek\u00e1m, mus\u00edme se spokojit \u0159ekn\u011bme s m\u00e1lem. M\u016f\u017eeme si rozebrat pro\u010d nen\u00ed l\u00e9pe, ale v drtiv\u00e9 v\u011bt\u0161in\u011b jde o to, \u017ee n\u00e1m chyb\u00ed smysl pro&nbsp;priority, loajalita a zap\u00e1len\u00ed pro v\u011bc. A pro\u010d jsou p\u0159ed n\u00e1mi \u00fasp\u011b\u0161n\u011bj\u0161\u00ed kluby? Bu\u010f maj\u00ed \u0161t\u011bst\u00ed na talenty, nebo jejich sportovci nekli\u010dkuj\u00ed mezi v\u00edce tren\u00e9ry a nebo prost\u011b maj\u00ed \u0161t\u011bst\u00ed, \u017ee maj\u00ed sportovce,kte\u0159\u00ed karate \u017eij\u00ed. Nic jin\u00e9ho za t\u00edm nik<\/span><span lang=\"cs\">do nehledejte. <\/span><\/p>\n<p style=\"text-align: justify;\"><span lang=\"cs\">Ne\u017e si tro\u0161ku rozebereme M\u010cR a dostaneme na pozitivn\u011bj\u0161\u00ed momenty, je neomluviteln\u00e9, \u017ee ti star\u0161\u00ed \u201ejaj\u00e1nci\u201c, kte\u0159\u00ed by m\u011bli ty mlad\u0161\u00ed u\u010dit t\u00fdmov\u00e9mu duchu, naprosto zklama<\/span><span lang=\"cs\">li a mrz\u00ed m\u011b,&nbsp;\u017ee jsem n\u011bkter\u00fdm stv Dan ud\u011blil. Zat\u00edmco ti men\u0161\u00ed v sobotu sv\u00e9 star\u0161\u00ed kamar\u00e1dy v hojn\u00e9m po\u010dtu povzbuzovali, v ned\u011bli a\u017e na p\u00e1r v\u00fdjimek marn\u011b \u010dekali, \u017ee je ti star\u0161\u00ed p\u0159ijdou povzbudit. Co k tomu dodat. Od t\u011bchto nen\u00ed mo\u017en\u00e9 ani super v\u00fdsledky \u010dekat! <\/span><\/p>\n<p style=\"text-align: justify;\"><span lang=\"cs\">Co se t\u00fdk\u00e1 prvn\u00edho dne, ur\u010dit\u011b gratulace Zuzce Augustino<\/span><span lang=\"cs\">v\u00e9 za 2.m\u00edsto. I fin\u00e1lov\u00e1 kata hezk\u00e1, ale co se t\u00fdk\u00e1 taktiky v\u00fdb\u011bru? To se m\u011b net\u00fdk\u00e1, na to jsou jin\u00ed. V kategorii masters je u\u017e po v\u00edce let zahu\u0161t\u011bno, a tak maxim\u00e1ln\u00ed gratulace za 2.m\u00edsto Veronice Jel\u00ednkov\u00e9 a za bronz Hance Va\u0161\u00ed\u010dkov\u00e9. Jsou ur\u010dit\u011b pro n\u00e1\u0161 klub d\u016fle\u017eit\u00e1 st\u0159\u00edbra v podob\u011b Nikoly J\u016fzov\u00e9 kata U21, Filipa Smutn\u00e9ho kata junior a Libora Podrou\u017eka v kumite mu\u017ei. 3.m\u00edsta je\u0161t\u011b vybojovali Jan P\u0159ibyl kata masters a Tom\u00e1\u0161 Kouba kumite junior. 5.m\u00edsta jsou sice z ur\u010dit\u00e9ho pohledu zaj\u00edmav\u00e1, ale vzhledem k mo\u017enostem t\u011bch, kte\u0159\u00ed je z\u00edskali, jde sp\u00ed\u0161e o prohru. <\/span><\/p>\n<p style=\"text-align: justify;\"><span lang=\"cs\">Druh\u00fd den \u017eactvo a dorost. Nerad pou\u017e\u00edv\u00e1m nadsazen\u00e9 v\u00fdrazy, ale z\u00e1raky se d\u011bj\u00ed. To je \u0159e\u010d o st\u0159\u00edbru Barborky \u0160\u0165astn\u00e9, kde j\u00ed teprve 3dny! p\u0159ed M\u010cR sundali po 3 t\u00fddnech s\u00e1dru z ruky. Jen\u017ee z\u00e1zraky se ned\u011bj\u00ed, ona t\u00edm karate \u017eije a \u017ee t\u0159i t\u00fddny neodpo\u010d\u00edvala, bylo prost\u011b vid\u011bt. Obrovsk\u00e1 gratulace! Dal\u0161\u00ed ne\u010dekan\u011b mil\u00e9 p\u0159ekvapen\u00ed p\u0159idal bronzov\u00fd Honza Str\u00e1nsk\u00fd. I on m\u011bl p\u0159ed M\u010cR v\u00edce jak t\u00fdden zdravotn\u00ed probl\u00e9m, ale i on zabojoval! I zde velk\u00fd respekt. Pak je\u0161t\u011b utekl Mikul\u00e1\u0161 Pater doslova \u201ehrobn\u00edkovi s lopaty\u201c a t\u00edm vybojoval cenn\u00e9 st\u0159\u00edbro v kata. Za kumite si ur\u010dit\u011b za bojovnost zaslou\u017e\u00ed pochvalu Lucka Paterov\u00e1, a to by tak asi bylo v\u0161echno. <\/span><\/p>\n<p style=\"text-align: justify;\"><span lang=\"cs\">Jak v\u017edy \u0159\u00edk\u00e1m, u\u017e m\u00e1m odslou\u017eeno p\u011bkn\u00fdch p\u00e1r let. Byly, jak se m\u016f\u017eete ve vzpom\u00ednk\u00e1ch pod\u00edvat, vele\u00fasp\u011b\u0161n\u00e1 l\u00e9ta, \u00fasp\u011b\u0161n\u00e1 i m\u00e9n\u011b \u00fasp\u011b\u0161n\u00e1, ne v\u017edy se rod\u00ed Pilmannov\u00e9, ob\u010das Tes\u00e1rkov\u00e9, Kot\u011brovy \u010di vytrval\u00e9 Hanky Va\u0161\u00ed\u010dkov\u00e9. Oni studovali, pracovali, v\u0161e st\u00edhali, omluva z d\u016fvod\u016f studia neexistovala a museli b\u00fdt na um\u0159en\u00ed,aby na tr\u00e9nink nep\u0159i\u0161li.&nbsp; Od toho se odr\u00e1\u017eej\u00ed v\u00fdjime\u010dn\u00ed sportovci. Vyhr\u00e1vaj\u00ed ti nejlep\u0161\u00ed a nejob\u011btav\u011bj\u0161\u00ed. My tren\u00e9\u0159i to m\u00e1me jako posl\u00e1n\u00ed, i kdy\u017e vid\u00edme netalentovan\u00e9ho, pracujeme s n\u00edm s maxim\u00e1ln\u00ed p\u00e9\u010d\u00ed. To v jin\u00fdch sportech nenajdete. Mo\u017en\u00e1 by nebylo na \u0161kodu si tohle n\u011bkdy uv\u011bdomit a p\u0159i p\u0159\u00edpadn\u00e9m ne\u00fasp\u011bchu zrekapitulovat, \u017ee tren\u00e9r nebude na vin\u011b, ale probl\u00e9m je ch\u00e1pan\u00ed karate jako z\u00e1jmov\u00fd krou\u017eek. Proto mnohdy nejsme schopni ani v pr\u016fm\u011brn\u00e9 konkurenci zaz\u00e1\u0159it. <\/span><\/p>\n<p style=\"text-align: justify;\"><span lang=\"cs\">Ale proto\u017ee na konec v\u0161e dobr\u00e9, d\u00edky v\u0161em rodi\u010d\u016fm a z\u00e1vodn\u00edk\u016fm kte\u0159\u00ed vytrvali a sv\u00e9 kamar\u00e1dy s klubu povzbudili, d\u00edky ob\u011btav\u00e9 Hance, kter\u00e1 se&nbsp;str\u00e1vila v\u00edkend nejen z\u00e1vod\u011bn\u00edm, ale i&nbsp;kou\u010dov\u00e1n\u00edm a n\u00e1sledn\u011b i d\u00edk na\u0161im rozhod\u010d\u00edm Ka\u010dce, J\u00e1chymovi i Jindrovi, kte\u0159\u00ed na tomto postu v\u00fdborn\u011b reprezentovali n\u00e1\u0161 klub.<\/span><\/p>\n[ezcol_1quarter]\n<p><a href=\"http:\/\/www.sk-kesl-ryu.cz\/wp-content\/uploads\/2019\/12\/2.jpeg\"><img loading=\"lazy\" decoding=\"async\" class=\"alignnone size-thumbnail wp-image-6156\" src=\"http:\/\/www.sk-kesl-ryu.cz\/wp-content\/uploads\/2019\/12\/2-150x150.jpeg\" alt=\"\" width=\"150\" height=\"150\"><\/a><\/p>\n[\/ezcol_1quarter]\n[ezcol_1quarter]\n<p><a href=\"http:\/\/www.sk-kesl-ryu.cz\/wp-content\/uploads\/2019\/12\/3.jpeg\"><img loading=\"lazy\" decoding=\"async\" class=\"alignnone size-thumbnail wp-image-6157\" src=\"http:\/\/www.sk-kesl-ryu.cz\/wp-content\/uploads\/2019\/12\/3-150x150.jpeg\" alt=\"\" width=\"150\" height=\"150\" srcset=\"https:\/\/www.sk-kesl-ryu.cz\/wp-content\/uploads\/2019\/12\/3-150x150.jpeg 150w, https:\/\/www.sk-kesl-ryu.cz\/wp-content\/uploads\/2019\/12\/3-300x300.jpeg 300w, https:\/\/www.sk-kesl-ryu.cz\/wp-content\/uploads\/2019\/12\/3-1021x1024.jpeg 1021w, https:\/\/www.sk-kesl-ryu.cz\/wp-content\/uploads\/2019\/12\/3-768x770.jpeg 768w, https:\/\/www.sk-kesl-ryu.cz\/wp-content\/uploads\/2019\/12\/3.jpeg 1504w\" sizes=\"auto, (max-width: 150px) 100vw, 150px\" \/><\/a><\/p>\n[\/ezcol_1quarter]\n[ezcol_1quarter]\n<p><a href=\"http:\/\/www.sk-kesl-ryu.cz\/wp-content\/uploads\/2019\/12\/03.jpeg\"><img loading=\"lazy\" decoding=\"async\" class=\"alignnone size-thumbnail wp-image-6158\" src=\"http:\/\/www.sk-kesl-ryu.cz\/wp-content\/uploads\/2019\/12\/03-150x150.jpeg\" alt=\"\" width=\"150\" height=\"150\"><\/a><\/p>\n[\/ezcol_1quarter]\n[ezcol_1quarter_end]\n<p><a href=\"http:\/\/www.sk-kesl-ryu.cz\/wp-content\/uploads\/2019\/12\/4.jpeg\"><img loading=\"lazy\" decoding=\"async\" class=\"alignnone size-thumbnail wp-image-6159\" src=\"http:\/\/www.sk-kesl-ryu.cz\/wp-content\/uploads\/2019\/12\/4-150x150.jpeg\" alt=\"\" width=\"150\" height=\"150\"><\/a><\/p>\n[\/ezcol_1quarter_end]\n[ezcol_1quarter]\n<p><a href=\"http:\/\/www.sk-kesl-ryu.cz\/wp-content\/uploads\/2019\/12\/5.jpeg\"><img loading=\"lazy\" decoding=\"async\" class=\"alignnone size-thumbnail wp-image-6160\" src=\"http:\/\/www.sk-kesl-ryu.cz\/wp-content\/uploads\/2019\/12\/5-150x150.jpeg\" alt=\"\" width=\"150\" height=\"150\"><\/a><\/p>\n[\/ezcol_1quarter]\n[ezcol_1quarter]\n<p><a href=\"http:\/\/www.sk-kesl-ryu.cz\/wp-content\/uploads\/2019\/12\/6.jpeg\"><img loading=\"lazy\" decoding=\"async\" class=\"alignnone size-thumbnail wp-image-6161\" src=\"http:\/\/www.sk-kesl-ryu.cz\/wp-content\/uploads\/2019\/12\/6-150x150.jpeg\" alt=\"\" width=\"150\" height=\"150\"><\/a><\/p>\n[\/ezcol_1quarter]&nbsp;<\/p>\n","protected":false},"excerpt":{"rendered":"<p>Na titulek nejsme v d\u011bjin\u00e1ch na\u0161eho klubu p\u0159\u00edli\u0161 zvykl\u00ed, ale proto\u017ee jsem za ty l\u00e9ta realista a z\u00e1zraky ne\u010dek\u00e1m, mus\u00edme<\/p>\n","protected":false},"author":1,"featured_media":6154,"comment_status":"closed","ping_status":"closed","sticky":false,"template":"","format":"standard","meta":{"colormag_page_container_layout":"default_layout","colormag_page_sidebar_layout":"default_layout","ngg_post_thumbnail":0,"footnotes":""},"categories":[5],"tags":[],"class_list":["post-6153","post","type-post","status-publish","format-standard","has-post-thumbnail","hentry","category-aktuality"],"_links":{"self":[{"href":"https:\/\/www.sk-kesl-ryu.cz\/index.php\/wp-json\/wp\/v2\/posts\/6153","targetHints":{"allow":["GET"]}}],"collection":[{"href":"https:\/\/www.sk-kesl-ryu.cz\/index.php\/wp-json\/wp\/v2\/posts"}],"about":[{"href":"https:\/\/www.sk-kesl-ryu.cz\/index.php\/wp-json\/wp\/v2\/types\/post"}],"author":[{"embeddable":true,"href":"https:\/\/www.sk-kesl-ryu.cz\/index.php\/wp-json\/wp\/v2\/users\/1"}],"replies":[{"embeddable":true,"href":"https:\/\/www.sk-kesl-ryu.cz\/index.php\/wp-json\/wp\/v2\/comments?post=6153"}],"version-history":[{"count":2,"href":"https:\/\/www.sk-kesl-ryu.cz\/index.php\/wp-json\/wp\/v2\/posts\/6153\/revisions"}],"predecessor-version":[{"id":6163,"href":"https:\/\/www.sk-kesl-ryu.cz\/index.php\/wp-json\/wp\/v2\/posts\/6153\/revisions\/6163"}],"wp:featuredmedia":[{"embeddable":true,"href":"https:\/\/www.sk-kesl-ryu.cz\/index.php\/wp-json\/wp\/v2\/media\/6154"}],"wp:attachment":[{"href":"https:\/\/www.sk-kesl-ryu.cz\/index.php\/wp-json\/wp\/v2\/media?parent=6153"}],"wp:term":[{"taxonomy":"category","embeddable":true,"href":"https:\/\/www.sk-kesl-ryu.cz\/index.php\/wp-json\/wp\/v2\/categories?post=6153"},{"taxonomy":"post_tag","embeddable":true,"href":"https:\/\/www.sk-kesl-ryu.cz\/index.php\/wp-json\/wp\/v2\/tags?post=6153"}],"curies":[{"name":"wp","href":"https:\/\/api.w.org\/{rel}","templated":true}]}}