{"id":6181,"date":"2020-01-30T21:39:47","date_gmt":"2020-01-30T20:39:47","guid":{"rendered":"http:\/\/www.sk-kesl-ryu.cz\/?p=6181"},"modified":"2020-01-30T21:49:59","modified_gmt":"2020-01-30T20:49:59","slug":"zimni-olympiada-deti-a-mladeze","status":"publish","type":"post","link":"https:\/\/www.sk-kesl-ryu.cz\/index.php\/2020\/01\/30\/zimni-olympiada-deti-a-mladeze\/","title":{"rendered":"Zimn\u00ed olympi\u00e1da d\u011bt\u00ed a ml\u00e1de\u017ee"},"content":{"rendered":"<p>Od 20.1. do 24.1.2020 prob\u011bhla zimn\u00ed olympi\u00e1da 14 kraj\u016f v&nbsp;Karlovarsk\u00e9m kraji ve m\u011bstech Karlovy Vary, Mari\u00e1nsk\u00e9 l\u00e1zn\u011b, J\u00e1chymov, Cheb. V&nbsp;Mari\u00e1nsk\u00fdch l\u00e1zn\u00edch absolvovali karatist\u00e9 v\u0161ech kraj\u016f dvoudenn\u00ed turnaj. V\u00fdb\u011br reprezentace Prahy ve slo\u017een\u00ed Barbora \u0160\u0165astn\u00e1, Ond\u0159ej \u0160\u0165\u00e1hlavsk\u00fd, Zden\u011bk \u0160imon, Vojt\u011bch Andr\u0161, Michaela Re\u0161ov\u00e1, Charlota Seniv, Andrea \u0160imonov\u00e1 a S\u00e1ra Forkov\u00e1 ( tedy v drtiv\u00e9 v\u011bt\u0161in\u011b z na\u0161eho klubu) si pod veden\u00edm tren\u00e9r\u016f Karla Kesla a Kate\u0159iny Keslov\u00e9 nevedli v\u016fbec \u0161patn\u011b a p\u0159inesli Hl.m\u011bstu Praze cenn\u00e9 body pro kone\u010dn\u00e9 hodnocen\u00ed, kde se Praha um\u00edstila na kone\u010dn\u00e9m 6.m\u00edst\u011b.<\/p>\n<p><span style=\"text-decoration: underline;\"><strong>V\u00fdsledky:<\/strong><\/span><\/p>\n<ol>\n<li>m\u00edsto Barbora \u0160\u0165astn\u00e1, kata st.\u017e\u00e1kyn\u011b<\/li>\n<\/ol>\n<ol start=\"2\">\n<li>m\u00edsto Ond\u0159ej \u0160\u0165\u00e1hlavsk\u00fd, kata st.\u017e\u00e1ci<\/li>\n<\/ol>\n<ol start=\"3\">\n<li>m\u00edsto Barbora \u0160\u0165astn\u00e1, kumite st.\u017e\u00e1kyn\u011b<\/li>\n<\/ol>\n<ol start=\"3\">\n<li>m\u00edsto Zden\u011bk \u0160imon, kumite dorost<\/li>\n<\/ol>\n<ol start=\"5\">\n<li>m\u00edsto Barbora \u0160\u0165astn\u00e1, kumite t\u00fdm st.\u017e\u00e1ci<\/li>\n<\/ol>\n<ol start=\"5\">\n<li>m\u00edsto Ond\u0159ej \u0160\u0165\u00e1hlavsk\u00fd, kumite t\u00fdm st.\u017e\u00e1ci<\/li>\n<\/ol>\n<ol start=\"5\">\n<li>m\u00edsto Charlota Seniv, kumite st.\u017e\u00e1ci<\/li>\n<\/ol>\n<ol start=\"5\">\n<li>m\u00edsto Zden\u011bk \u0160imon, kata t\u00fdm dorost<\/li>\n<\/ol>\n<ol start=\"5\">\n<li>m\u00edsto M\u00ed\u0161a Re\u0161ov\u00e1, kata t\u00fdm dorost<\/li>\n<\/ol>\n<ol start=\"5\">\n<li>m\u00edsto Vojta Andr\u0161, kata t\u00fdm dorost<\/li>\n<\/ol>\n<ol start=\"5\">\n<li>m\u00edsto Vojta Andr\u0161, kumite dorost<\/li>\n<\/ol>\n<ol start=\"5\">\n<li>m\u00edsto M\u00ed\u0161a Re\u0161ov\u00e1, kata dorost<\/li>\n<\/ol>\n<ol start=\"7\">\n<li>m\u00edsto Barbora \u0160\u0165astn\u00e1, kata t\u00fdm st.\u017e\u00e1ci<\/li>\n<\/ol>\n<ol start=\"7\">\n<li>m\u00edsto Ond\u0159ej \u0160\u0165\u00e1hlavsk\u00fd, kumite st.\u017e\u00e1ci<\/li>\n<\/ol>\n<ol start=\"7\">\n<li>m\u00edsto Ond\u0159ej \u0160\u0165\u00e1hlavsk\u00fd, kata t\u00fdm<\/li>\n<\/ol>\n<p>&nbsp; &nbsp; &nbsp;7. &nbsp;m\u00edsto Charlota Seniv, kumite st.\u017e\u00e1kyn\u011b<\/p>\n<p><a href=\"http:\/\/www.sk-kesl-ryu.cz\/index.php\/zimni-olympiada-2020\/\" target=\"_blank\" rel=\"noopener noreferrer\">FOTE\u010cKY ZDE \ud83d\ude42<\/a><\/p>\n","protected":false},"excerpt":{"rendered":"<p>Od 20.1. do 24.1.2020 prob\u011bhla zimn\u00ed olympi\u00e1da 14 kraj\u016f v&nbsp;Karlovarsk\u00e9m kraji ve m\u011bstech Karlovy Vary, Mari\u00e1nsk\u00e9 l\u00e1zn\u011b, J\u00e1chymov, Cheb. V&nbsp;Mari\u00e1nsk\u00fdch<\/p>\n","protected":false},"author":1,"featured_media":6182,"comment_status":"closed","ping_status":"closed","sticky":false,"template":"","format":"standard","meta":{"colormag_page_container_layout":"default_layout","colormag_page_sidebar_layout":"default_layout","ngg_post_thumbnail":0,"footnotes":""},"categories":[5],"tags":[],"class_list":["post-6181","post","type-post","status-publish","format-standard","has-post-thumbnail","hentry","category-aktuality"],"_links":{"self":[{"href":"https:\/\/www.sk-kesl-ryu.cz\/index.php\/wp-json\/wp\/v2\/posts\/6181","targetHints":{"allow":["GET"]}}],"collection":[{"href":"https:\/\/www.sk-kesl-ryu.cz\/index.php\/wp-json\/wp\/v2\/posts"}],"about":[{"href":"https:\/\/www.sk-kesl-ryu.cz\/index.php\/wp-json\/wp\/v2\/types\/post"}],"author":[{"embeddable":true,"href":"https:\/\/www.sk-kesl-ryu.cz\/index.php\/wp-json\/wp\/v2\/users\/1"}],"replies":[{"embeddable":true,"href":"https:\/\/www.sk-kesl-ryu.cz\/index.php\/wp-json\/wp\/v2\/comments?post=6181"}],"version-history":[{"count":2,"href":"https:\/\/www.sk-kesl-ryu.cz\/index.php\/wp-json\/wp\/v2\/posts\/6181\/revisions"}],"predecessor-version":[{"id":6257,"href":"https:\/\/www.sk-kesl-ryu.cz\/index.php\/wp-json\/wp\/v2\/posts\/6181\/revisions\/6257"}],"wp:featuredmedia":[{"embeddable":true,"href":"https:\/\/www.sk-kesl-ryu.cz\/index.php\/wp-json\/wp\/v2\/media\/6182"}],"wp:attachment":[{"href":"https:\/\/www.sk-kesl-ryu.cz\/index.php\/wp-json\/wp\/v2\/media?parent=6181"}],"wp:term":[{"taxonomy":"category","embeddable":true,"href":"https:\/\/www.sk-kesl-ryu.cz\/index.php\/wp-json\/wp\/v2\/categories?post=6181"},{"taxonomy":"post_tag","embeddable":true,"href":"https:\/\/www.sk-kesl-ryu.cz\/index.php\/wp-json\/wp\/v2\/tags?post=6181"}],"curies":[{"name":"wp","href":"https:\/\/api.w.org\/{rel}","templated":true}]}}