{"id":6576,"date":"2020-08-18T18:25:05","date_gmt":"2020-08-18T16:25:05","guid":{"rendered":"http:\/\/www.sk-kesl-ryu.cz\/?p=6576"},"modified":"2020-08-18T19:05:36","modified_gmt":"2020-08-18T17:05:36","slug":"letni-kemp-naseho-klubu-skvele-stravenych-14-dni","status":"publish","type":"post","link":"https:\/\/www.sk-kesl-ryu.cz\/index.php\/2020\/08\/18\/letni-kemp-naseho-klubu-skvele-stravenych-14-dni\/","title":{"rendered":"Letn\u00ed kemp na\u0161eho klubu &#8211; skv\u011ble str\u00e1ven\u00fdch 14 dn\u00ed"},"content":{"rendered":"<p style=\"text-align: justify;\"><span lang=\"cs\">Po p\u00e1r m\u011bs\u00edc\u016f nejistoty se nakonec prakticky na den situace kolem kornaviru tak zlep\u0161ila, \u017ee bylo mo\u017en\u00e9 uskute\u010dnit tradi\u010dn\u00ed kemp na\u0161eho klubu a i kdy\u017e nervy ohledn\u011b n\u00e1kazy n\u011bjak\u00e9 byly, rozhodn\u011b se neodrazily na z\u00fa\u010dastn\u011bn\u00fdch:-). Po\u010das\u00ed jako v\u017edy naprosto pro takovou akci ide\u00e1ln\u00ed, a tak v\u0161e prob\u011bhlo podle pl\u00e1nu, jak v\u00fdcvik, tak i \u010das na z\u00e1bavu a dal\u0161\u00ed aktivity. <\/span><\/p>\n<p style=\"text-align: justify;\"><span lang=\"cs\">Ur\u010dit\u011b dobr\u00fd n\u00e1pad, to se mus\u00edm pochv\u00e1lit:-), byla celokempov\u00e1 sout\u011b\u017e o \u017delezn\u00e9ho karateku a d\u00edky na\u0161emu st\u00e1l\u00e9mu sponzorovi Markovi \u0160\u0165astn\u00e9mu, bylo mo\u017en\u00e9 v\u0161echny medailisty sout\u011b\u017e\u00ed od<\/span><span lang=\"cs\">m\u011bnit hodnotn\u00fdmi cenami, diplomy s d\u00edlny Jindry Jetela a dal\u0161\u00edmi cenami a\u0165 od Pavly \u0160imonov\u00e9, Ane\u017eky, Ka\u010dky,Hanky a dal\u0161\u00edch. V\u0161em je\u0161t\u011b jednou velk\u00e9 d\u00edky! Nen\u00ed m\u00edsto na to, abychom psali kdo se um\u00edstil v sout\u011b\u017e\u00edch Superklika\u0159, Marat\u00f3nec, Sprinter kempu, Katista-technik, Opi\u010d\u00ed dr\u00e1ha a Chodec-specialista. Nakonec se stal v kategorii nejmlad\u0161\u00edch borc\u016f \u017eelezn\u00fdm karatekou Timon Pater, druh\u00e9 m\u00edsto \u0160t\u011bp\u00e1n Kunc, 3.m\u00edsto Verunka Dvo\u0159\u00e1kov\u00e1 a je\u0161t\u011b skv\u011bl\u00e9 4.m\u00edsto Nat\u00e1lka \u010cern\u00e1. U t\u011bch tro\u0161ku star\u0161\u00edch \u017delezn\u00fd karateka Verunka Re\u0161ov\u00e1, 2.m\u00edsto Terezka Sib\u0159inov\u00e1, 3.m\u00edsto Krist\u00fdna Dvo\u0159\u00e1kov\u00e1 a 4.m\u00edsto Mikul\u00e1\u0161 Pater. Nejobsazen\u011bj\u0161\u00ed kategorie \u017delezn\u00fd karateka Barborka \u0160\u0165astn\u00e1, 2.m\u00edsto Honza Str\u00e1nsk\u00fd, 3.m\u00edsto Charlota Seniv a 4.m\u00edsto Zden\u011bk \u0160imon. Pak ji\u017e zb\u00fdvala pouze kat.t\u011bch dosp\u011bl\u00fdch, \u017delezn\u00fdm karatekou se stal Kuba Slana\u0159, p\u0159ed 2.Honzou Slez\u00e1kem, 3.J\u00e1chymem Ho\u0159\u00e1kem a 4.Lubo\u0161em Janou\u0161kem. Speci\u00e1ln\u00ed cenu za nejlep\u0161\u00ed v\u00fdkon t\u011bch tro\u0161i\u010dku d\u0159\u00edve narozen\u00fdch dam obdr\u017eela Radka Paterov\u00e1. <\/span><\/p>\n<p style=\"text-align: justify;\"><span lang=\"cs\">Mimo b\u011b\u017en\u00e9ho v\u00fdcviku kata i kumite, v\u00fdcviku kobudo nunchaka a eskrima, p\u0159edn\u00e1\u0161ek a test\u016f prob\u011bhl druh\u00fd ro\u010dn\u00edk M\u010cR kobudo. Kr\u00e1sn\u00e9 poh\u00e1ry si odnesli v\u0161ichni medailist\u00e9. U nositel\u016f 8-7.Kyu se mistrem kobudo stal Filip Brabec, 2.m\u00edsto Timon Pater a 3 byla Lucka Kuncov\u00e1. V kategorii 6-4.Kyu se stala v\u00edt\u011bzem M\u00ed\u0161a Re\u0161ov\u00e1, 2.m\u00edsto Maty\u00e1\u0161 Houska a 3.m\u00edsto Charlota Seniv. V kategorii 3.Kyu a v\u00fd\u0161e se kr\u00e1lem kobuda stal J\u00e1chym Ho\u0159\u00e1k, 2.m\u00edsto pat\u0159ilo Barborce \u0160\u0165astn\u00e9 a 3.m\u00edsto obsadil Vojta Andr\u0161. <\/span><\/p>\n<p style=\"text-align: justify;\"><span lang=\"cs\">Jak\u00fd by to byl kemp, bez tradi\u010dn\u00ed sout\u011b\u017ee kata letos ji\u017e neuv\u011b\u0159iteln\u00fd 41 ro\u010dn\u00edk o poh\u00e1r Kesl ryu, i kdy\u017e tentokr\u00e1t se jmenoval i XI. ro\u010dn\u00edk Kesl CUP z d\u016fvodu, \u017ee d\u00edky pandemii nebylo mo\u017eno ud\u011blat sout\u011b\u017e celorepublikovou. Jako v\u017edy byly kategorie sm\u00ed\u0161en\u00e9, kluci-holky, co\u017e je jednak podstatn\u011b t\u011b\u017e\u0161\u00ed rozhodov\u00e1n\u00ed pro rozhod\u010d\u00ed a jednak t\u011b\u017e\u0161\u00ed pro samotn\u00e9 z\u00e1vodn\u00edky, kde se d\u00e1v\u00e1 prioritn\u011b d\u016fraz na techniku. Kateg. 8-7. Kyu s p\u0159ehledem vyhr\u00e1l Timon Pater, st\u0159\u00edbro pat\u0159ilo Lau\u0159e Ho\u0159\u00ednkov\u00e9 a 3.m\u00edsto vybojovala B\u00e1ra Ho\u0159\u00ednkov\u00e1, v kateg. 6.Kyu zv\u00edt\u011bzila Franti\u0161ka Ka\u0161parov\u00e1, 2.m\u00edsto \u0160t\u011bp\u00e1n Kunc a 3.m\u00edsto M\u00ed\u0161a Hessov\u00e1. 5-4.Kyu 1.M\u00ed\u0161a Re\u0161ov\u00e1,&nbsp; 2.Maty\u00e1\u0161 Houska, 3.Mikul\u00e1\u0161 Pater. Po t\u00e9 ve VIP skupin\u011b 3.Kyu+ zv\u00edt\u011bzil Jakub Slana\u0159, st\u0159\u00edbro si odnesl J\u00e1chym Ho\u0159\u00e1k a bronz Barborka \u0160\u0165astn\u00e1. Tentokr\u00e1t bylo na m\u00edst\u011b, aby prob\u011bhla i kategorie masters. Jedni\u010dkou se stala Petra Andr\u0161ov\u00e1, 2.Lubom\u00edr Janou\u0161ek a 3.m\u00edsto Radka Paterov\u00e1. V\u0161ichni v\u00fdborn\u00ed a \u0161koda jen, \u017ee z d\u016fvod\u016f zde ji\u017e uveden\u00fdch nebylo mo\u017en\u00e9 uskute\u010dnit sout\u011b\u017e kumite. <\/span><\/p>\n<p style=\"text-align: justify;\"><span lang=\"cs\">Stejn\u011b by nebylo mo\u017en\u00e9 si p\u0159edstavit kemp bez ma\u0161karn\u00edho \u0159\u00e1d\u011bn\u00ed. Op\u011bt v\u0161ichni skv\u011bl\u00ed, <\/span><span lang=\"cs\">ale vyhr\u00e1t mohl jen jeden a tak nakonec to byla Radka Paterov\u00e1 se svoj\u00ed R\u016f\u017eenou macatou \ud83d\ude42 a vyhr\u00e1l i cel\u00fd jej\u00ed t\u00fdm. Dalo by se ps\u00e1t i o h\u0159i\u0161ti pl\u00e1\u017eov\u00e9ho volejbalu, kde se n\u011bkte\u0159\u00ed pokou\u0161eli hr\u00e1t a jin\u00ed si tam d\u011blali tun\u00fdlky a hrady :-), o tradi\u010dn\u00edm dobyt\u00ed Blan\u00edku za de\u0161t\u011b, zkr\u00e1tka bylo by toho je\u0161t\u011b na malou kn\u00ed\u017eku, ale ur\u010dit\u011b je t\u0159eba se je\u0161t\u011b zm\u00ednit takt\u00e9\u017e o tradi\u010dn\u00edm Hollywoodu, kter\u00fd je rok od roku dokonalej\u0161\u00ed. T\u011bsn\u00fdm v\u00edt\u011bzem se stal R\u016f\u017eov\u00fd panter t\u00fdmu Lubo\u0161e Janou\u0161ka, ale i ostatn\u00ed t\u00fdmy jako v\u017edy skv\u011bl\u00e9. V\u0161e na videu, s\u00e1m se t\u011b\u0161\u00edm, a\u017e si to op\u011bt pust\u00edm. <\/span><\/p>\n<p style=\"text-align: justify;\"><span lang=\"cs\">Jako v\u017edy, ka\u017ed\u00fd den prob\u011bhla p\u0159edn\u00e1\u0161ka na t\u00e9ma, kter\u00e9 by m\u011bly b\u00fdt z\u00e1kladem v\u011bdomost\u00ed ka\u017ed\u00e9ho karateky a pochopiteln\u011b \u017ee je mo\u017en\u00e9 je zaslat v\u0161em, i t\u011bm, kte\u0159\u00ed se na kemp nedostali a tot\u00e9\u017e plat\u00ed i o videomateri\u00e1lu z kempu. <\/span><\/p>\n<p style=\"text-align: justify;\"><span lang=\"cs\">Co \u0159\u00edci na z\u00e1v\u011br. Op\u011bt skv\u011bl\u00e1 parta, v\u0161ichni v r\u00e1mci mo\u017enost\u00ed plnili i protikoronov\u00e1 opat\u0159en\u00ed a v\u011b\u0159\u00edm \u017ee si to v\u0161ichni u\u017eili. Jako v\u017edy se na z\u00e1v\u011br vyhodnocoval nejlep\u0161\u00ed karateka. Nen\u00ed to pro veden\u00ed kempu jednoduch\u00e9, drtiv\u00e1 v\u011bt\u0161ina z\u00fa\u010dastn\u011bn\u00fdch jsou super a tak vy\u0159azen\u00ed ze sout\u011b\u017ee jsou nositel\u00e9 mistrovsk\u00fdch STV, proto\u017ee pokud jdou spr\u00e1vnou cestou, mus\u00ed b\u00fdt nejlep\u0161\u00ed a vzorem pro ostatn\u00ed. 14 dn\u00ed je pro n\u011bkter\u00e9 n\u00e1ro\u010dn\u00e9 i p\u0159es to,\u017ee se n\u00e1\u010deln\u00edk kempu doslova p\u0159ekon\u00e1val v tr\u00e9ninc\u00edch, kter\u00e9 nevysilovaly a mno\u017estv\u00fdm sout\u011b\u017e\u00ed, kter\u00fdch letos,jak ji\u017e bylo \u0159e\u010deno, bylo dostate\u010dn\u011b. P\u0159esto v\u011bt\u0161ina na\u0161ich borc\u016f jsou \u201erekrea\u010dn\u00ed\u201c sportovci a ke konci to bylo ji\u017e zn\u00e1t. V\u00fdb\u011br pak mohl b\u00fdt jednodu\u0161\u0161\u00ed. I kdy\u017e je to nespravedliv\u00e9 \ud83d\ude42<\/span><span lang=\"cs\">, eliminovali jsme i ty star\u0161\u00ed, proto\u017ee ti mus\u00ed b\u00fdt tak\u00e9 nejlep\u0161\u00ed, stejn\u011b tak jako p\u0159\u00edpadn\u00e1 volba nejlep\u0161\u00edho tren\u00e9ra, (s veden\u00edm kempu a se v\u0161emi kdo se v\u00fdborn\u011b prezentoval i jako sportovec se sejdeme na podzim na ve\u010de\u0159i jako d\u00edk \u017ee jste se z\u00fa\u010dastnili a byli p\u0159\u00edkladem pro mlad\u0161\u00ed) byla volba u\u017e jednozna\u010dn\u00e1. Nejlep\u0161\u00edm karatekou kempu se po z\u00e1sluze stala Barborka \u0160\u0165astn\u00e1 a Veronika Re\u0161ov\u00e1. Ob\u011b byly vzorem, nejen sv\u00fdmi sportovn\u00edmi v\u00fdkony v individu\u00e1ln\u00edch sout\u011b\u017e\u00edch, ale i prac\u00ed pro t\u00fdm, i pro ostatn\u00ed a pomoc\u00ed p\u0159i tr\u00e9ninku i sout\u011b\u017e\u00edch. <\/span><\/p>\n<p style=\"text-align: justify;\"><span lang=\"cs\">A to u\u017e je opravdu konec op\u011bt jedn\u00e9 skv\u011bl\u00e9 akce. Ur\u010dit\u011b n\u00e1m v\u0161em spadl k\u00e1men ze srdce kdy\u017e v prvn\u00ed \u0159ad\u011b kemp v\u016fbec povolili a po t\u00e9 kdy\u017e v\u0161e dob\u0159e dopadlo a v\u0161ichni zdr\u00e1vi a bez komplikac\u00ed dorazili dom\u016f :-).<\/span><\/p>\n<p>P\u00e1r fotek v galerii ZDE \ud83d\ude42<\/p>\n<p>&nbsp;<\/p>\n","protected":false},"excerpt":{"rendered":"<p>Po p\u00e1r m\u011bs\u00edc\u016f nejistoty se nakonec prakticky na den situace kolem kornaviru tak zlep\u0161ila, \u017ee bylo mo\u017en\u00e9 uskute\u010dnit tradi\u010dn\u00ed kemp<\/p>\n","protected":false},"author":1,"featured_media":6578,"comment_status":"closed","ping_status":"closed","sticky":false,"template":"","format":"standard","meta":{"colormag_page_container_layout":"default_layout","colormag_page_sidebar_layout":"default_layout","ngg_post_thumbnail":0,"footnotes":""},"categories":[5],"tags":[],"class_list":["post-6576","post","type-post","status-publish","format-standard","has-post-thumbnail","hentry","category-aktuality"],"_links":{"self":[{"href":"https:\/\/www.sk-kesl-ryu.cz\/index.php\/wp-json\/wp\/v2\/posts\/6576","targetHints":{"allow":["GET"]}}],"collection":[{"href":"https:\/\/www.sk-kesl-ryu.cz\/index.php\/wp-json\/wp\/v2\/posts"}],"about":[{"href":"https:\/\/www.sk-kesl-ryu.cz\/index.php\/wp-json\/wp\/v2\/types\/post"}],"author":[{"embeddable":true,"href":"https:\/\/www.sk-kesl-ryu.cz\/index.php\/wp-json\/wp\/v2\/users\/1"}],"replies":[{"embeddable":true,"href":"https:\/\/www.sk-kesl-ryu.cz\/index.php\/wp-json\/wp\/v2\/comments?post=6576"}],"version-history":[{"count":1,"href":"https:\/\/www.sk-kesl-ryu.cz\/index.php\/wp-json\/wp\/v2\/posts\/6576\/revisions"}],"predecessor-version":[{"id":6577,"href":"https:\/\/www.sk-kesl-ryu.cz\/index.php\/wp-json\/wp\/v2\/posts\/6576\/revisions\/6577"}],"wp:featuredmedia":[{"embeddable":true,"href":"https:\/\/www.sk-kesl-ryu.cz\/index.php\/wp-json\/wp\/v2\/media\/6578"}],"wp:attachment":[{"href":"https:\/\/www.sk-kesl-ryu.cz\/index.php\/wp-json\/wp\/v2\/media?parent=6576"}],"wp:term":[{"taxonomy":"category","embeddable":true,"href":"https:\/\/www.sk-kesl-ryu.cz\/index.php\/wp-json\/wp\/v2\/categories?post=6576"},{"taxonomy":"post_tag","embeddable":true,"href":"https:\/\/www.sk-kesl-ryu.cz\/index.php\/wp-json\/wp\/v2\/tags?post=6576"}],"curies":[{"name":"wp","href":"https:\/\/api.w.org\/{rel}","templated":true}]}}