{"id":6592,"date":"2020-09-21T17:10:08","date_gmt":"2020-09-21T15:10:08","guid":{"rendered":"http:\/\/www.sk-kesl-ryu.cz\/?p=6592"},"modified":"2020-09-21T17:10:08","modified_gmt":"2020-09-21T15:10:08","slug":"gp-rakouska-eurocup","status":"publish","type":"post","link":"https:\/\/www.sk-kesl-ryu.cz\/index.php\/2020\/09\/21\/gp-rakouska-eurocup\/","title":{"rendered":"GP Rakouska Eurocup"},"content":{"rendered":"<div>19.9.2020 se na\u0161i borci Barborka \u0160\u0165astn\u00e1 a Honza Str\u00e1nsk\u00fd vydali na sout\u011b\u017e GP Rakouska.<\/div>\n<div style=\"text-align: justify;\">\u017de nezklamali v mezin\u00e1rodn\u00ed konkurenci sv\u011bd\u010d\u00ed fakt, \u017ee Barborka vybojovala bronz v kata a 5.m\u00edsto v kumite, dob\u0159e se prezentoval i Honza, kter\u00fd v kata skon\u010dil na 7.m\u00edst\u011b. Gratulujeme.<\/div>\n<div>&nbsp;<\/div>\n<div><a href=\"http:\/\/www.sk-kesl-ryu.cz\/wp-content\/uploads\/2020\/09\/3.jpeg\"><img loading=\"lazy\" decoding=\"async\" class=\"alignnone size-medium wp-image-6594\" src=\"http:\/\/www.sk-kesl-ryu.cz\/wp-content\/uploads\/2020\/09\/3-300x225.jpeg\" alt=\"\" width=\"300\" height=\"225\" srcset=\"https:\/\/www.sk-kesl-ryu.cz\/wp-content\/uploads\/2020\/09\/3-300x225.jpeg 300w, https:\/\/www.sk-kesl-ryu.cz\/wp-content\/uploads\/2020\/09\/3-1024x768.jpeg 1024w, https:\/\/www.sk-kesl-ryu.cz\/wp-content\/uploads\/2020\/09\/3-768x576.jpeg 768w, https:\/\/www.sk-kesl-ryu.cz\/wp-content\/uploads\/2020\/09\/3-1536x1152.jpeg 1536w, https:\/\/www.sk-kesl-ryu.cz\/wp-content\/uploads\/2020\/09\/3.jpeg 2048w\" sizes=\"auto, (max-width: 300px) 100vw, 300px\" \/><\/a><\/div>\n<div>&nbsp;<\/div>\n<div><a href=\"http:\/\/www.sk-kesl-ryu.cz\/wp-content\/uploads\/2020\/09\/4.jpg\"><img loading=\"lazy\" decoding=\"async\" class=\"alignnone size-medium wp-image-6595\" src=\"http:\/\/www.sk-kesl-ryu.cz\/wp-content\/uploads\/2020\/09\/4-300x225.jpg\" alt=\"\" width=\"300\" height=\"225\" srcset=\"https:\/\/www.sk-kesl-ryu.cz\/wp-content\/uploads\/2020\/09\/4-300x225.jpg 300w, https:\/\/www.sk-kesl-ryu.cz\/wp-content\/uploads\/2020\/09\/4-768x576.jpg 768w, https:\/\/www.sk-kesl-ryu.cz\/wp-content\/uploads\/2020\/09\/4.jpg 960w\" sizes=\"auto, (max-width: 300px) 100vw, 300px\" \/><\/a><\/div>\n","protected":false},"excerpt":{"rendered":"<p>19.9.2020 se na\u0161i borci Barborka \u0160\u0165astn\u00e1 a Honza Str\u00e1nsk\u00fd vydali na sout\u011b\u017e GP Rakouska. \u017de nezklamali v mezin\u00e1rodn\u00ed konkurenci sv\u011bd\u010d\u00ed<\/p>\n","protected":false},"author":1,"featured_media":6593,"comment_status":"closed","ping_status":"closed","sticky":false,"template":"","format":"standard","meta":{"colormag_page_container_layout":"default_layout","colormag_page_sidebar_layout":"default_layout","ngg_post_thumbnail":0,"footnotes":""},"categories":[5],"tags":[],"class_list":["post-6592","post","type-post","status-publish","format-standard","has-post-thumbnail","hentry","category-aktuality"],"_links":{"self":[{"href":"https:\/\/www.sk-kesl-ryu.cz\/index.php\/wp-json\/wp\/v2\/posts\/6592","targetHints":{"allow":["GET"]}}],"collection":[{"href":"https:\/\/www.sk-kesl-ryu.cz\/index.php\/wp-json\/wp\/v2\/posts"}],"about":[{"href":"https:\/\/www.sk-kesl-ryu.cz\/index.php\/wp-json\/wp\/v2\/types\/post"}],"author":[{"embeddable":true,"href":"https:\/\/www.sk-kesl-ryu.cz\/index.php\/wp-json\/wp\/v2\/users\/1"}],"replies":[{"embeddable":true,"href":"https:\/\/www.sk-kesl-ryu.cz\/index.php\/wp-json\/wp\/v2\/comments?post=6592"}],"version-history":[{"count":1,"href":"https:\/\/www.sk-kesl-ryu.cz\/index.php\/wp-json\/wp\/v2\/posts\/6592\/revisions"}],"predecessor-version":[{"id":6596,"href":"https:\/\/www.sk-kesl-ryu.cz\/index.php\/wp-json\/wp\/v2\/posts\/6592\/revisions\/6596"}],"wp:featuredmedia":[{"embeddable":true,"href":"https:\/\/www.sk-kesl-ryu.cz\/index.php\/wp-json\/wp\/v2\/media\/6593"}],"wp:attachment":[{"href":"https:\/\/www.sk-kesl-ryu.cz\/index.php\/wp-json\/wp\/v2\/media?parent=6592"}],"wp:term":[{"taxonomy":"category","embeddable":true,"href":"https:\/\/www.sk-kesl-ryu.cz\/index.php\/wp-json\/wp\/v2\/categories?post=6592"},{"taxonomy":"post_tag","embeddable":true,"href":"https:\/\/www.sk-kesl-ryu.cz\/index.php\/wp-json\/wp\/v2\/tags?post=6592"}],"curies":[{"name":"wp","href":"https:\/\/api.w.org\/{rel}","templated":true}]}}