{"id":7456,"date":"2025-05-26T18:32:05","date_gmt":"2025-05-26T16:32:05","guid":{"rendered":"https:\/\/www.sk-kesl-ryu.cz\/?p=7456"},"modified":"2025-05-26T18:32:05","modified_gmt":"2025-05-26T16:32:05","slug":"mistrovstvi-prahy","status":"publish","type":"post","link":"https:\/\/www.sk-kesl-ryu.cz\/index.php\/2025\/05\/26\/mistrovstvi-prahy\/","title":{"rendered":"Mistrovstv\u00ed Prahy"},"content":{"rendered":"<p>Sout\u011b\u017een\u00ed v jak\u00e9mkoliv sportu je reprezentac\u00ed klubu, tren\u00e9ra i v tomto p\u0159\u00edpad\u011b ur\u010dit\u00fd patriotismus k Praze a pra\u017esk\u00e9mu karate. D\u00edky v\u0161em, kte\u0159\u00ed si tento fakt uv\u011bdomuj\u00ed a d\u016fstojn\u011b, mnoz\u00ed i \u00fasp\u011b\u0161n\u011b, sv\u016fj klub reprezentovali.<span class=\"-wm-x1xsqp64 -wm-xiy17q3 -wm-x1o6pynw -wm-x19co3pv -wm-xdj266r -wm-xcwd3tp -wm-xat24cr -wm-x39eecv -wm-x2b8uid\"><span class=\"-wm-xexx8yu -wm-xn5pp95 -wm-x18d9i69 -wm-x2fxd7x -wm-x3jgonx -wm-x1bhl96m\">\ud83d\udc4d<\/span><\/span><span class=\"-wm-x1xsqp64 -wm-xiy17q3 -wm-x1o6pynw -wm-x19co3pv -wm-xdj266r -wm-xcwd3tp -wm-xat24cr -wm-x39eecv -wm-x2b8uid\"><span class=\"-wm-xexx8yu -wm-xn5pp95 -wm-x18d9i69 -wm-x2fxd7x -wm-x3jgonx -wm-x1bhl96m\">\ud83d\udc4d<\/span><\/span><span class=\"-wm-x1xsqp64 -wm-xiy17q3 -wm-x1o6pynw -wm-x19co3pv -wm-xdj266r -wm-xcwd3tp -wm-xat24cr -wm-x39eecv -wm-x2b8uid\"><span class=\"-wm-xexx8yu -wm-xn5pp95 -wm-x18d9i69 -wm-x2fxd7x -wm-x3jgonx -wm-x1bhl96m\">\ud83d\udc4a<\/span><\/span><br \/>\nVelk\u00e9 d\u00edky v\u0161em, hlavn\u011b z \u0159ad rodi\u010d\u016f, kte\u0159\u00ed pomohli sout\u011b\u017e kvalitn\u011b p\u0159ipravit.<span class=\"-wm-x1xsqp64 -wm-xiy17q3 -wm-x1o6pynw -wm-x19co3pv -wm-xdj266r -wm-xcwd3tp -wm-xat24cr -wm-x39eecv -wm-x2b8uid\"><span class=\"-wm-xexx8yu -wm-xn5pp95 -wm-x18d9i69 -wm-x2fxd7x -wm-x3jgonx -wm-x1bhl96m\">\ud83e\udd1d<\/span><\/span><span class=\"-wm-x1xsqp64 -wm-xiy17q3 -wm-x1o6pynw -wm-x19co3pv -wm-xdj266r -wm-xcwd3tp -wm-xat24cr -wm-x39eecv -wm-x2b8uid\"><span class=\"-wm-xexx8yu -wm-xn5pp95 -wm-x18d9i69 -wm-x2fxd7x -wm-x3jgonx -wm-x1bhl96m\">\ud83e\udd1d<\/span><\/span><span class=\"-wm-x1xsqp64 -wm-xiy17q3 -wm-x1o6pynw -wm-x19co3pv -wm-xdj266r -wm-xcwd3tp -wm-xat24cr -wm-x39eecv -wm-x2b8uid\"><span class=\"-wm-xexx8yu -wm-xn5pp95 -wm-x18d9i69 -wm-x2fxd7x -wm-x3jgonx -wm-x1bhl96m\">\ud83d\udc4f<\/span><\/span><\/p>\n<p>MISTRVSTV\u00cd PRAHY 17.5.2025 Praha<\/p>\n<p>1.m\u00edsto Fr\u00fchauf Radek, kata masters<br \/>\n1.m\u00edsto Petr\u00e1\u010dek Josef, kata st.\u017e\u00e1ci U13<br \/>\n1.m\u00edsto Petr\u00e1\u010dek Jan, kumite beginners U10<br \/>\n1.m\u00edsto Paterov\u00e1 Lucie, kumite \u017eeny<br \/>\n1.m\u00edsto Paterov\u00e1 Lucie, kumite U21<br \/>\n1.m\u00edsto Pater Timon, kumite st.\u017e\u00e1ci<br \/>\n1.m\u00edsto K\u0159\u00ed\u017e Filip, kumite U21<br \/>\n1.m\u00edsto K\u0159\u00ed\u017e David, kumite junior<br \/>\n1.m\u00edsto Sib\u0159inov\u00e1 Tereza, kumite junior<br \/>\n2.m\u00edsto Sib\u0159inov\u00e1 Tereza, kata junior<br \/>\n2.m\u00edsto Smutn\u00fd Filip, kata mu\u017ei<br \/>\n2.m\u00edsto Pater Timon, kata st.\u017e\u00e1ci<br \/>\n2.m\u00edsto Paterov\u00e1 Lucie, kata U21<br \/>\n2.m\u00edsto Ko\u0161\u00e1k Dominik, kata dorost<br \/>\n2.m\u00edsto Zdr\u00e1lek Emil, kumite beginners U14<br \/>\n3.m\u00edsto Paterov\u00e1 Lucie, kata \u017eeny<br \/>\n3.m\u00edsto Strhan Ond\u0159ej, kata beginners<br \/>\n3.m\u00edsto Strhan Ond\u0159ej, kumite beginners U10<br \/>\n3.m\u00edsto K\u0159\u00ed\u017e Filip, kata U21<br \/>\n3.m\u00edsto Sup Maxim, kata dorost<\/p>\n","protected":false},"excerpt":{"rendered":"<p>Sout\u011b\u017een\u00ed v jak\u00e9mkoliv sportu je reprezentac\u00ed klubu, tren\u00e9ra i v tomto p\u0159\u00edpad\u011b ur\u010dit\u00fd patriotismus k Praze a pra\u017esk\u00e9mu karate. D\u00edky<\/p>\n","protected":false},"author":1,"featured_media":7457,"comment_status":"closed","ping_status":"closed","sticky":false,"template":"","format":"standard","meta":{"colormag_page_container_layout":"default_layout","colormag_page_sidebar_layout":"default_layout","ngg_post_thumbnail":0,"footnotes":""},"categories":[5],"tags":[],"class_list":["post-7456","post","type-post","status-publish","format-standard","has-post-thumbnail","hentry","category-aktuality"],"_links":{"self":[{"href":"https:\/\/www.sk-kesl-ryu.cz\/index.php\/wp-json\/wp\/v2\/posts\/7456","targetHints":{"allow":["GET"]}}],"collection":[{"href":"https:\/\/www.sk-kesl-ryu.cz\/index.php\/wp-json\/wp\/v2\/posts"}],"about":[{"href":"https:\/\/www.sk-kesl-ryu.cz\/index.php\/wp-json\/wp\/v2\/types\/post"}],"author":[{"embeddable":true,"href":"https:\/\/www.sk-kesl-ryu.cz\/index.php\/wp-json\/wp\/v2\/users\/1"}],"replies":[{"embeddable":true,"href":"https:\/\/www.sk-kesl-ryu.cz\/index.php\/wp-json\/wp\/v2\/comments?post=7456"}],"version-history":[{"count":1,"href":"https:\/\/www.sk-kesl-ryu.cz\/index.php\/wp-json\/wp\/v2\/posts\/7456\/revisions"}],"predecessor-version":[{"id":7458,"href":"https:\/\/www.sk-kesl-ryu.cz\/index.php\/wp-json\/wp\/v2\/posts\/7456\/revisions\/7458"}],"wp:featuredmedia":[{"embeddable":true,"href":"https:\/\/www.sk-kesl-ryu.cz\/index.php\/wp-json\/wp\/v2\/media\/7457"}],"wp:attachment":[{"href":"https:\/\/www.sk-kesl-ryu.cz\/index.php\/wp-json\/wp\/v2\/media?parent=7456"}],"wp:term":[{"taxonomy":"category","embeddable":true,"href":"https:\/\/www.sk-kesl-ryu.cz\/index.php\/wp-json\/wp\/v2\/categories?post=7456"},{"taxonomy":"post_tag","embeddable":true,"href":"https:\/\/www.sk-kesl-ryu.cz\/index.php\/wp-json\/wp\/v2\/tags?post=7456"}],"curies":[{"name":"wp","href":"https:\/\/api.w.org\/{rel}","templated":true}]}}