{"id":7475,"date":"2025-12-15T20:29:11","date_gmt":"2025-12-15T19:29:11","guid":{"rendered":"https:\/\/www.sk-kesl-ryu.cz\/?p=7475"},"modified":"2025-12-15T20:29:18","modified_gmt":"2025-12-15T19:29:18","slug":"wakizasi-cup-2025","status":"publish","type":"post","link":"https:\/\/www.sk-kesl-ryu.cz\/index.php\/2025\/12\/15\/wakizasi-cup-2025\/","title":{"rendered":"Wakiza\u0161i Cup 2025"},"content":{"rendered":"<div>Na poh\u00e1ru Wakiza\u0161i CUPU v Nymburce za \u00fa\u010dasti v\u00edce jak 200 z\u00e1vodn\u00edk\u016f z 25 klub\u016f n\u00e1\u0161 klub reprezentovali bohu\u017eel jen 3 karatekov\u00e9, ale v\u0161ichni podali velmi dobr\u00e9 v\u00fdkony. D\u00edky reprezentant\u016fm i rodi\u010d\u016fm, kte\u0159\u00ed \u010d\u00e1st soboty na sout\u011b\u017e d\u011bt\u00ed ob\u011btovali.<\/div>\n<div>&nbsp;<\/div>\n<div>2.m\u00edsto &#8211; Petr\u00e1\u010dek Jan, kata ml. \u017e\u00e1ci<br \/>\n2.m\u00edsto &#8211; Petr\u00e1\u010dek Jan, kumite ml. \u017e\u00e1ci<br \/>\n3.m\u00edsto &#8211; Petr\u00e1\u010dek Josef, kumite st. \u017e\u00e1ci<br \/>\n5.m\u00edsto &#8211; Kozlerov\u00e1 Helena, kata st. \u017e\u00e1ci<\/div>\n<div>&nbsp;<\/div>\n<div><a href=\"http:\/\/www.sk-kesl-ryu.cz\/wp-content\/uploads\/2025\/12\/1.jpg\"><img loading=\"lazy\" decoding=\"async\" class=\"alignnone size-thumbnail wp-image-7478\" src=\"http:\/\/www.sk-kesl-ryu.cz\/wp-content\/uploads\/2025\/12\/1-150x150.jpg\" alt=\"\" width=\"150\" height=\"150\"><\/a> <a href=\"http:\/\/www.sk-kesl-ryu.cz\/wp-content\/uploads\/2025\/12\/IMG-20250927-WA0001.jpg\"><img loading=\"lazy\" decoding=\"async\" class=\"alignnone size-thumbnail wp-image-7477\" src=\"http:\/\/www.sk-kesl-ryu.cz\/wp-content\/uploads\/2025\/12\/IMG-20250927-WA0001-150x150.jpg\" alt=\"\" width=\"150\" height=\"150\"><\/a> <a href=\"http:\/\/www.sk-kesl-ryu.cz\/wp-content\/uploads\/2025\/12\/IMG-20250927-WA0005.jpg\"><img loading=\"lazy\" decoding=\"async\" class=\"alignnone size-thumbnail wp-image-7476\" src=\"http:\/\/www.sk-kesl-ryu.cz\/wp-content\/uploads\/2025\/12\/IMG-20250927-WA0005-150x150.jpg\" alt=\"\" width=\"150\" height=\"150\"><\/a><\/div>\n<div>&nbsp;<\/div>\n","protected":false},"excerpt":{"rendered":"<p>Na poh\u00e1ru Wakiza\u0161i CUPU v Nymburce za \u00fa\u010dasti v\u00edce jak 200 z\u00e1vodn\u00edk\u016f z 25 klub\u016f n\u00e1\u0161 klub reprezentovali bohu\u017eel jen<\/p>\n","protected":false},"author":1,"featured_media":7479,"comment_status":"closed","ping_status":"closed","sticky":false,"template":"","format":"standard","meta":{"colormag_page_container_layout":"default_layout","colormag_page_sidebar_layout":"default_layout","ngg_post_thumbnail":0,"footnotes":""},"categories":[5],"tags":[],"class_list":["post-7475","post","type-post","status-publish","format-standard","has-post-thumbnail","hentry","category-aktuality"],"_links":{"self":[{"href":"https:\/\/www.sk-kesl-ryu.cz\/index.php\/wp-json\/wp\/v2\/posts\/7475","targetHints":{"allow":["GET"]}}],"collection":[{"href":"https:\/\/www.sk-kesl-ryu.cz\/index.php\/wp-json\/wp\/v2\/posts"}],"about":[{"href":"https:\/\/www.sk-kesl-ryu.cz\/index.php\/wp-json\/wp\/v2\/types\/post"}],"author":[{"embeddable":true,"href":"https:\/\/www.sk-kesl-ryu.cz\/index.php\/wp-json\/wp\/v2\/users\/1"}],"replies":[{"embeddable":true,"href":"https:\/\/www.sk-kesl-ryu.cz\/index.php\/wp-json\/wp\/v2\/comments?post=7475"}],"version-history":[{"count":1,"href":"https:\/\/www.sk-kesl-ryu.cz\/index.php\/wp-json\/wp\/v2\/posts\/7475\/revisions"}],"predecessor-version":[{"id":7480,"href":"https:\/\/www.sk-kesl-ryu.cz\/index.php\/wp-json\/wp\/v2\/posts\/7475\/revisions\/7480"}],"wp:featuredmedia":[{"embeddable":true,"href":"https:\/\/www.sk-kesl-ryu.cz\/index.php\/wp-json\/wp\/v2\/media\/7479"}],"wp:attachment":[{"href":"https:\/\/www.sk-kesl-ryu.cz\/index.php\/wp-json\/wp\/v2\/media?parent=7475"}],"wp:term":[{"taxonomy":"category","embeddable":true,"href":"https:\/\/www.sk-kesl-ryu.cz\/index.php\/wp-json\/wp\/v2\/categories?post=7475"},{"taxonomy":"post_tag","embeddable":true,"href":"https:\/\/www.sk-kesl-ryu.cz\/index.php\/wp-json\/wp\/v2\/tags?post=7475"}],"curies":[{"name":"wp","href":"https:\/\/api.w.org\/{rel}","templated":true}]}}